{"id":377473,"date":"2003-01-01T17:20:09","date_gmt":"2003-01-01T17:20:09","guid":{"rendered":"https:\/\/idconsumo.pt\/iii-curso-de-pos-graduacao-em-direito-do-consumo-2\/"},"modified":"2024-07-03T18:46:55","modified_gmt":"2024-07-03T18:46:55","slug":"iii-curso-de-pos-graduacao-em-direito-do-consumo-2","status":"publish","type":"post","link":"https:\/\/idconsumo.pt\/en\/iii-curso-de-pos-graduacao-em-direito-do-consumo-2\/","title":{"rendered":"IV Curso de P\u00f3s-Gradua\u00e7\u00e3o em Direito do Consumo<br>(2003\/2004)"},"content":{"rendered":"<p>[et_pb_section bb_built=&#8221;1&#8243; custom_padding_last_edited=&#8221;on|phone&#8221; _builder_version=&#8221;4.25.0&#8243; use_background_color_gradient=&#8221;on&#8221; background_color_gradient_stops=&#8221;rgba(30,39,78,0.7) 0%|rgba(30,39,78,0) 100%&#8221; background_color_gradient_overlays_image=&#8221;on&#8221; background_image=&#8221;https:\/\/idconsumo.pt\/wp-content\/uploads\/2024\/04\/Banner3.png&#8221; vertical_offset_tablet=&#8221;0&#8243; horizontal_offset_tablet=&#8221;0&#8243; custom_padding=&#8221;32px||193px|||&#8221; custom_padding_phone=&#8221;32px||74px||false|false&#8221; animation_style=&#8221;fade&#8221; box_shadow_horizontal_tablet=&#8221;0px&#8221; box_shadow_vertical_tablet=&#8221;0px&#8221; box_shadow_blur_tablet=&#8221;40px&#8221; box_shadow_spread_tablet=&#8221;0px&#8221; saved_tabs=&#8221;all&#8221; global_colors_info=&#8221;{}&#8221; next_background_color=&#8221;#ffffff&#8221;][\/et_pb_section][et_pb_section bb_built=&#8221;1&#8243; fullwidth=&#8221;on&#8221; _builder_version=&#8221;4.24.3&#8243; _module_preset=&#8221;default&#8221; global_colors_info=&#8221;{}&#8221; prev_background_color=&#8221;#000000&#8243; next_background_color=&#8221;#000000&#8243;][et_pb_fullwidth_post_title meta=&#8221;off&#8221; featured_image=&#8221;off&#8221; text_color=&#8221;light&#8221; _builder_version=&#8221;4.24.3&#8243; title_level=&#8221;h2&#8243; title_font=&#8221;|600||on|||||&#8221; title_text_color=&#8221;#1E274E&#8221; title_font_size=&#8221;30px&#8221; title_line_height=&#8221;1.7em&#8221; vertical_offset_tablet=&#8221;0&#8243; horizontal_offset_tablet=&#8221;0&#8243; text_orientation=&#8221;center&#8221; custom_padding=&#8221;87px||0px||false|false&#8221; title_font_size_tablet=&#8221;30px&#8221; title_font_size_phone=&#8221;18px&#8221; title_font_size_last_edited=&#8221;on|phone&#8221; z_index_tablet=&#8221;0&#8243; title_text_shadow_horizontal_length_tablet=&#8221;0px&#8221; title_text_shadow_vertical_length_tablet=&#8221;0px&#8221; title_text_shadow_blur_strength_tablet=&#8221;1px&#8221; meta_text_shadow_horizontal_length_tablet=&#8221;0px&#8221; meta_text_shadow_vertical_length_tablet=&#8221;0px&#8221; meta_text_shadow_blur_strength_tablet=&#8221;1px&#8221; box_shadow_horizontal_tablet=&#8221;0px&#8221; box_shadow_vertical_tablet=&#8221;0px&#8221; box_shadow_blur_tablet=&#8221;40px&#8221; box_shadow_spread_tablet=&#8221;0px&#8221; text_shadow_horizontal_length_tablet=&#8221;0px&#8221; text_shadow_vertical_length_tablet=&#8221;0px&#8221; text_shadow_blur_strength_tablet=&#8221;1px&#8221; global_colors_info=&#8221;{}&#8221;]<\/p>\n<p>[\/et_pb_fullwidth_post_title][\/et_pb_section][et_pb_section bb_built=&#8221;1&#8243; _builder_version=&#8221;4.16&#8243; custom_padding=&#8221;0px|||||&#8221; global_colors_info=&#8221;{}&#8221; prev_background_color=&#8221;#000000&#8243; next_background_color=&#8221;#000000&#8243;][et_pb_row _builder_version=&#8221;4.25.1&#8243; background_size=&#8221;initial&#8221; background_position=&#8221;top_left&#8221; background_repeat=&#8221;repeat&#8221; module_alignment=&#8221;center&#8221; custom_padding=&#8221;0px|||||&#8221; hover_enabled=&#8221;0&#8243; global_colors_info=&#8221;{}&#8221; max_width=&#8221;100%&#8221; sticky_enabled=&#8221;0&#8243;][et_pb_column type=&#8221;4_4&#8243; _builder_version=&#8221;4.16&#8243; custom_padding=&#8221;|||&#8221; global_colors_info=&#8221;{}&#8221; custom_padding__hover=&#8221;|||&#8221;][et_pb_text _builder_version=&#8221;4.25.1&#8243; text_text_color=&#8221;#1E274E&#8221; header_text_color=&#8221;#1E274E&#8221; background_size=&#8221;initial&#8221; background_position=&#8221;top_left&#8221; background_repeat=&#8221;repeat&#8221; hover_enabled=&#8221;0&#8243; global_colors_info=&#8221;{}&#8221; sticky_enabled=&#8221;0&#8243;]<\/p>\n<p style=\"text-align: center;\">Coordenador: Prof. Doutor Menezes Leit\u00e3o<br \/><span>Organiza\u00e7\u00e3o: Instituto de Direito do Consumo<\/span><br \/>Ano lectivo 2003\/2004<\/p>\n<p style=\"text-align: justify;\"><strong><\/strong><\/p>\n<p style=\"text-align: center;\"><strong>M\u00f3dulo I &#8211; Direito do Consumo: Quest\u00f5es Gerais (+ 6 horas)<\/strong><\/p>\n<p style=\"text-align: center;\">1) Concep\u00e7\u00f5es Dogm\u00e1ticas do Direito do Consumo &#8211; Prof. Doutor Menezes Leit\u00e3o (Professor da Faculdade de Direito de Lisboa), 11\/11\/2003;<\/p>\n<p style=\"text-align: center;\">2) Endividamento dos Consumidores &#8211; Mestre Fernando Xarepe Silveiro (Assistente da Faculdade de Direito de Lisboa), 13\/11\/2003;<\/p>\n<p style=\"text-align: center;\">3) An\u00e1lise Econ\u00f3mica do Consumo &#8211; Prof. Doutor Fernando Ara\u00fajo (Professor da Faculdade de Direito de Lisboa), 18\/11\/2003;<\/p>\n<p style=\"text-align: center;\">4) As Novas Linhas do Direito do Consumo &#8211; Prof. Doutor Pinto Monteiro (Professo da Faculdade de Direito da Universidade de Coimbra), 20\/11\/2003<\/p>\n<p style=\"text-align: center;\"><strong>M\u00f3dulo II &#8211; Direito Constitucional e Administrativo do Consumo (+ 6 horas)<\/strong><\/p>\n<p style=\"text-align: center;\">5) Constitui\u00e7\u00e3o e o Direito do Consumo &#8211; Prof. Doutor Jorge Miranda (Professor da Faculdade de Direito de Lisboa), 25\/11\/2003;<\/p>\n<p style=\"text-align: center;\">6) Institui\u00e7\u00f5es Administrativas de Defesa do Consumidor &#8211; Dr. Pedro Lomba (Assistente-estagi\u00e1rio da Faculdade de Direito de Lisboa), 27\/11\/2003;<\/p>\n<p style=\"text-align: center;\">7) Consumo e Procedimento Administrativo \u2013 Prof. Doutor Vasco Pereira da Silva (Professor da Faculdade de Direito de Lisboa), 4\/12\/2003;<\/p>\n<p style=\"text-align: center;\">8) Tutela Administrativa Econ\u00f3mica do Consumo &#8211; Prof. Doutor Bacelar Gouveia (Professor da Faculdade de Direito da Universidade Nova), 2\/12\/2003<\/p>\n<p style=\"text-align: center;\"><strong>M\u00f3dulo III &#8211; Direito Comunit\u00e1rio do Consumo (at\u00e9 6 horas)<\/strong><\/p>\n<p style=\"text-align: center;\">9) Prof.\u00aa Doutora Ana Maria Guerra Martins &#8211; (Professora da Faculdade de Direito de Lisboa), 9 e 11\/12\/2003.<\/p>\n<p style=\"text-align: center;\"><strong>M\u00f3dulo IV &#8211; Direito Internacional Privado do Consumo (at\u00e9 6 horas)<\/strong><\/p>\n<p style=\"text-align: center;\">10) Conven\u00e7\u00e3o de Roma; Contratos com os Consumidores &#8211; Prof. Doutor D\u00e1rio Moura Vicente (Professor da Faculdade de Direito de Lisboa), 16\/12\/2003;<\/p>\n<p style=\"text-align: center;\">11) Compet\u00eancia Judici\u00e1ria dos Conflitos do Consumidor \u2013 orador a confirmar, 18\/12\/2003<\/p>\n<p style=\"text-align: center;\"><strong>M\u00f3dulo V &#8211; Situa\u00e7\u00e3o Jur\u00eddica do Consumo em Geral (+ 6 horas)<\/strong><\/p>\n<p style=\"text-align: center;\">12) Direitos Gerais dos Consumidores &#8211; Prof. Doutor Menezes Leit\u00e3o (Professor da Faculdade de Direito de Lisboa), 6\/1\/2004;<\/p>\n<p style=\"text-align: center;\">13) Cl\u00e1usulas Contratuais Gerais e Contratos Pr\u00e9-Formulados &#8211; Prof. Doutor Menezes Cordeiro (Professor da Faculdade de Direito de Lisboa), 8\/1\/2004;<\/p>\n<p style=\"text-align: center;\">14) Publicidade e Tutela do Consumidor &#8211; Prof. Doutor Menezes Leit\u00e3o (Professor da Faculdade de Direito de Lisboa), 13\/1\/2004;<\/p>\n<p style=\"text-align: center;\">15) Protec\u00e7\u00e3o do Consumidor contra as Pr\u00e1ticas Comerciais Agressivas &#8211; Prof. Doutor Oliveira Ascens\u00e3o (Professor da Faculdade de Direito de Lisboa), 15\/1\/2004;<\/p>\n<p style=\"text-align: center;\">16) Responsabilidade Civil do Produtor &#8211; Prof. Doutor Menezes Leit\u00e3o (Professor da Faculdade de Direito de Lisboa), 20\/1\/2004;<\/p>\n<p style=\"text-align: center;\">17) Garantias dos Contratos de Consumo \u2013 Prof. Doutor Carneiro da Frada (Professor da Faculdade de Direito de Lisboa), 22\/1\/2004<\/p>\n<p style=\"text-align: center;\"><strong>M\u00f3dulo VI &#8211; Situa\u00e7\u00f5es Jur\u00eddicas Especiais do Consumo I (+ 6 horas)<\/strong><\/p>\n<p style=\"text-align: center;\">18) Servi\u00e7os P\u00fablicos Administrativos &#8211; Prof\u00aa. Doutora Maria Jo\u00e3o Estorninho (Professora da Faculdade de Direito de Lisboa), 27\/1\/2004;<\/p>\n<p style=\"text-align: center;\">19) Fornecimento de Bens Essenciais &#8211; Mestre Alexandra Leit\u00e3o (Assistente estagi\u00e1ria da Faculdade de Direito de Lisboa), 29\/1\/2004;<\/p>\n<p style=\"text-align: center;\">20) Servi\u00e7os de Telecomunica\u00e7\u00f5es &#8211; Mestre Alexandra Leit\u00e3o (Assistente estagi\u00e1ria da Faculdade de Direito de Lisboa), 3\/2\/2004<\/p>\n<p style=\"text-align: center;\"><strong>M\u00f3dulo VII &#8211; Situa\u00e7\u00f5es Jur\u00eddicas Especiais do Consumo II (+ 6 horas)<\/strong><\/p>\n<p style=\"text-align: center;\">21) Servi\u00e7os Banc\u00e1rios \u2013 Prof. Doutor Janu\u00e1rio da Costa Gomes (Professor da Faculdade de Direito de Lisboa), 5\/2\/2004;<\/p>\n<p style=\"text-align: center;\">22) Dep\u00f3sito Banc\u00e1rio &#8211; Mestre Carlos Lacerda Barata (Assistente da Faculdade de Direito de Lisboa), 10\/2\/2004;<\/p>\n<p style=\"text-align: center;\">23) Cr\u00e9dito \u00e0 Habita\u00e7\u00e3o \u2013 Mestre Rui Ata\u00edde (Assistente da Faculdade de Direito de Lisboa), 12\/2\/2004;<\/p>\n<p style=\"text-align: center;\">24) Cr\u00e9dito ao Consumo &#8211; Prof. Doutor Janu\u00e1rio da Costa Gomes (Professor da Faculdade de Direito de Lisboa), 17\/2\/2004;<\/p>\n<p style=\"text-align: center;\">25) Emiss\u00e3o de Cart\u00f5es de Cr\u00e9dito \u2013 Mestre Joana Vasconcelos (Assistente da Faculdade de Direito da Universidade Cat\u00f3lica), 19\/2\/2004<\/p>\n<p style=\"text-align: center;\"><strong>M\u00f3dulo VIII &#8211; Situa\u00e7\u00f5es Jur\u00eddicas Especiais do Consumo III (+ 6 horas)<\/strong><\/p>\n<p style=\"text-align: center;\">26) Contrato de Viagem Organizada \u2013 Prof. Doutor Pedro Romano Martinez (Professor da Faculdade de Direito de Lisboa), 2\/3\/2004;<\/p>\n<p style=\"text-align: center;\">27) Presta\u00e7\u00e3o de Servi\u00e7o Tur\u00edstico, Mestre Jo\u00e3o Menezes Leit\u00e3o (Advogado. Jurista da Administra\u00e7\u00e3o Geral Tribut\u00e1ria), 4\/3\/2004;<\/p>\n<p style=\"text-align: center;\">28) Espect\u00e1culos P\u00fablicos, Mestre Lurdes Pereira (Assistente da Faculdade de Direito de Lisboa), 9\/3\/2004<\/p>\n<p style=\"text-align: center;\"><strong>M\u00f3dulo IX &#8211; Situa\u00e7\u00f5es Jur\u00eddicas Especiais do Consumo IV (+ 6 horas)<\/strong><\/p>\n<p style=\"text-align: center;\">29) Contrato de Transportes P\u00fablicos Terrestres &#8211; Mestre Jo\u00e3o Menezes Leit\u00e3o (Advogado. Jurista da Administra\u00e7\u00e3o Geral Tribut\u00e1ria) 11\/3\/2004;<\/p>\n<p style=\"text-align: center;\">30) Contrato de Transportes P\u00fablicos Mar\u00edtimos &#8211; Mestre Jo\u00e3o Menezes Leit\u00e3o (Advogado. Jurista da Administra\u00e7\u00e3o Geral Tribut\u00e1ria) 16\/3\/2004;<\/p>\n<p style=\"text-align: center;\">31) Contrato de Transportes P\u00fablicos A\u00e9reos \u2013 Mestre Lu\u00eds Gon\u00e7alves da Silva (Assistente da Faculdade de Direito de Lisboa), 25\/3\/2004;<\/p>\n<p style=\"text-align: center;\">32) Contrato de Seguro em Geral &#8211; Mestre Jos\u00e9 Alberto Vieira (Assistente da Faculdade de Direito de Lisboa), 18\/3\/2004;<\/p>\n<p style=\"text-align: center;\">33) Contrato de Seguro de Vida &#8211; Mestre Jos\u00e9 Alberto Vieira (Assistente da Faculdade de Direito de Lisboa), 23\/3\/2004;<\/p>\n<p style=\"text-align: center;\">34) Contrato de Seguro Autom\u00f3vel &#8211; Mestre Jos\u00e9 Alberto Vieira (Assistente da Faculdade de Direito de Lisboa), 30\/3\/2004.<\/p>\n<p style=\"text-align: center;\"><strong>M\u00f3dulo X &#8211; Situa\u00e7\u00f5es Jur\u00eddicas Especiais do Consumo V (+ 6 horas)<\/strong><\/p>\n<p style=\"text-align: center;\">35) Contrato de Media\u00e7\u00e3o &#8211; Mestre Carlos Lacerda Barata (Assistente da Faculdade de Direito de Lisboa), 1\/4\/2004;<\/p>\n<p style=\"text-align: center;\">36) Contrato de Constitui\u00e7\u00e3o de Direito Real de Habita\u00e7\u00e3o Peri\u00f3dica &#8211; Mestre Jos\u00e9 Alberto Vieira (Assistente da Faculdade de Direito de Lisboa), 20\/4\/2004;<\/p>\n<p style=\"text-align: center;\">37) Venda Fora do Estabelecimento &#8211; Mestre Carlos Lacerda Barata (Assistente da Faculdade de Direito de Lisboa), 22\/4\/2004;<\/p>\n<p style=\"text-align: center;\">38) Venda com Redu\u00e7\u00e3o de Pre\u00e7os &#8211; Mestre Guilherme Machado Dray (Assistente da Faculdade de Direito de Lisboa), 27\/4\/2004;<\/p>\n<p style=\"text-align: center;\">39) Compra e Venda em Grupo \u2013 Mestre Lurdes Pereira (Assistente da Faculdade de Direito de Lisboa), 29\/4\/2004<\/p>\n<p style=\"text-align: center;\"><strong>M\u00f3dulo XI &#8211; Consumidor e Sociedade da Informa\u00e7\u00e3o (at\u00e9 6 horas)<\/strong><\/p>\n<p style=\"text-align: center;\">40) Protec\u00e7\u00e3o do Consumidor na Base de Dados &#8211; Mestre Abel Sequeira Ferreira (Director da Euronext), 4\/5\/2004;<\/p>\n<p style=\"text-align: center;\">41) Protec\u00e7\u00e3o do Consumidor na Internet &#8211; Prof. Doutor Bacelar Gouveia (Professor da Faculdade de Direito da Universidade Nova), 6 e 11\/5\/2004<\/p>\n<p style=\"text-align: center;\"><strong>M\u00f3dulo XII &#8211; Direito Penal e Contra-Ordenacional do Consumo (at\u00e9 6 horas)<\/strong><\/p>\n<p style=\"text-align: center;\">42) Direito Penal do Consumo &#8211; Prof\u00aa. Doutora Fernanda Palma (Professora da Faculdade de Direito de Lisboa), 13\/5\/2004;<\/p>\n<p style=\"text-align: center;\">43) Direito Contra-Ordenacional do Consumo &#8211; Mestre Carlota Pizarro de Almeida (Assistente da Faculdade de Direito de Lisboa), 18\/5\/2004<\/p>\n<p style=\"text-align: center;\"><strong>M\u00f3dulo XIII &#8211; Resolu\u00e7\u00e3o dos Conflitos do Consumo (6 horas)<\/strong><\/p>\n<p style=\"text-align: center;\">44) Ac\u00e7\u00e3o Popular no Direito do Consumo &#8211; Prof. Doutor Teixeira de Sousa (Professor da Faculdade de Direito de Lisboa), 20\/5\/2004;<\/p>\n<p style=\"text-align: center;\">45) Arbitragem no Direito do Consumo &#8211; Prof. Doutor D\u00e1rio Moura Vicente (Professor da Faculdade de Direito de Lisboa), 27\/5\/2004;<\/p>\n<p style=\"text-align: center;\">46) Jurisprud\u00eancia de Direito do Consumo \u2013orador a confirmar, 25\/5\/2004;<\/p>\n<p style=\"text-align: center;\">47) Sess\u00e3o de Encerramento &#8211; Prof. Doutor Menezes Leit\u00e3o (Professor da Faculdade de Direito de Lisboa), 1\/6\/2004.<\/p>\n<p style=\"text-align: center;\"><strong>Informa\u00e7\u00f5es sobre o Curso:<\/strong><\/p>\n<p style=\"text-align: center;\">1) Destinat\u00e1rios: licenciados em Direito e \u00e1reas afins.<\/p>\n<p style=\"text-align: center;\">2) As pr\u00e9-inscri\u00e7\u00f5es decorrem at\u00e9 30 de Outubro de 2003<\/p>\n<p style=\"text-align: center;\">3) O Curso tem in\u00edcio em Novembro de 2003 e termina em Junho de 2004.<\/p>\n<p style=\"text-align: center;\">4) Modalidades de inscri\u00e7\u00e3o: a) Curso Completo com Avalia\u00e7\u00e3o (confere certificado de P\u00f3s-Gradua\u00e7\u00e3o); b) Curso Completo sem Avalia\u00e7\u00e3o (confere certificado de presen\u00e7a); c) M\u00f3dulos (confere certificado de presen\u00e7a)<\/p>\n<p style=\"text-align: center;\">5) Cartas de aceita\u00e7\u00e3o: s\u00e3o passadas aos candidatos que as solicitarem para instruir os respectivos processos.<\/p>\n<p style=\"text-align: center;\">6) Pre\u00e7os: a) pr\u00e9-inscri\u00e7\u00e3o \u2013 59,36\u20ac; b) matr\u00edcula \u2013 148,39\u20ac; c) pre\u00e7o global do curso \u2013 1.187,14\u20ac (pagamento \u00fanico) ou 9 presta\u00e7\u00f5es de 148,39\u20ac (1.335,51\u20ac); d) Curso Completo sem Avalia\u00e7\u00e3o \u2013 1.009,07\u20ac (pagamento \u00fanico) ou 9 presta\u00e7\u00f5es de 118,71\u20ac (1068,39\u20ac); e) M\u00f3dulos at\u00e9 6 horas \u2013 207,75\u20ac; e) M\u00f3dulos + de 6 horas \u2013 267,11\u20ac; a estes valores acresce a taxa legal de IVA de 19%.<\/p>\n<p style=\"text-align: center;\">7) Funcionamento: o Curso decorre \u00e0s 3.\u00aa e 5.\u00aa feiras, das 18 h 30 m \u00e0s 20 h 30 m.<\/p>\n<p style=\"text-align: center;\">8) Avalia\u00e7\u00e3o: no caso de inscri\u00e7\u00e3o em Curso Completo com Avalia\u00e7\u00e3o, \u00e9 solicitado ao discente, durante o Curso, anota\u00e7\u00f5es jurisprudenciais sobre alguns dos temas leccionados; no final do Curso tem de apresentar um trabalho escrito, sobre um tema escolhido pelo discente, que ser\u00e1 objecto de discuss\u00e3o oral.<\/p>\n<\/p>\n<p>[\/et_pb_text][\/et_pb_column][\/et_pb_row][et_pb_row _builder_version=&#8221;4.24.3&#8243; _module_preset=&#8221;default&#8221; custom_padding=&#8221;0px|||||&#8221; global_colors_info=&#8221;{}&#8221;][et_pb_column type=&#8221;4_4&#8243; _builder_version=&#8221;4.24.3&#8243; _module_preset=&#8221;default&#8221; global_colors_info=&#8221;{}&#8221;][et_pb_button button_url=&#8221;https:\/\/idconsumo.pt\/wp-content\/uploads\/2024\/05\/4o-Curso-Consumo-27-10-03.pdf&#8221; url_new_window=&#8221;on&#8221; button_text=&#8221;Descarregar PDF do Curso&#8221; button_alignment=&#8221;center&#8221; _builder_version=&#8221;4.25.1&#8243; _module_preset=&#8221;default&#8221; custom_button=&#8221;on&#8221; button_text_size=&#8221;18px&#8221; button_text_color=&#8221;#FFFFFF&#8221; button_bg_color=&#8221;#1E274E&#8221; button_font=&#8221;||||||||&#8221; button_icon=&#8221;&#x24;||divi||400&#8243; custom_padding=&#8221;20px|40px|20px|40px|true|true&#8221; global_colors_info=&#8221;{}&#8221;]<\/p>\n<p>[\/et_pb_button][\/et_pb_column][\/et_pb_row][\/et_pb_section][et_pb_section bb_built=&#8221;1&#8243; admin_label=&#8221;Mozart &#8211; Home&#8221; module_id=&#8221;newsletter&#8221; module_class=&#8221;mozart_footer&#8221; _builder_version=&#8221;4.24.3&#8243; background_color=&#8221;#ffffff&#8221; custom_padding=&#8221;0px||0px|&#8221; custom_css_main_element=&#8221; overflow: hidden;&#8221; saved_tabs=&#8221;all&#8221; global_colors_info=&#8221;{}&#8221; prev_background_color=&#8221;#000000&#8243; global_module=&#8221;327893&#8243;][et_pb_row admin_label=&#8221;Mozart &#8211; Home&#8221; global_parent=&#8221;327893&#8243; column_structure=&#8221;1_2,1_2&#8243; use_custom_gutter=&#8221;on&#8221; gutter_width=&#8221;1&#8243; custom_padding_last_edited=&#8221;on|desktop&#8221; _builder_version=&#8221;4.24.3&#8243; background_color=&#8221;#1a284d&#8221; background_size=&#8221;initial&#8221; background_position=&#8221;top_left&#8221; background_repeat=&#8221;repeat&#8221; max_width=&#8221;1175px&#8221; custom_margin=&#8221;-1px|auto|-1px|auto|true|false&#8221; custom_padding=&#8221;4.1vw||4.3vw|&#8221; custom_padding_tablet=&#8221;60px||60px|&#8221; custom_css_before=&#8221; content: %22%22;|| display: block;|| position: absolute;|| background-color: #1a284d;|| height: 100%;|| width: 5000px;|| top: 0;|| left: -2000px;&#8221; custom_css_main_element=&#8221;overflow: visible !important;&#8221; use_custom_width=&#8221;on&#8221; custom_width_px=&#8221;1175px&#8221; global_colors_info=&#8221;{}&#8221;][et_pb_column type=&#8221;1_2&#8243; global_parent=&#8221;327893&#8243; _builder_version=&#8221;4.16&#8243; custom_padding=&#8221;|||&#8221; custom_padding_tablet=&#8221;|||0px&#8221; custom_padding_last_edited=&#8221;on|tablet&#8221; custom_css_main_element=&#8221; width: 38%;&#8221; global_colors_info=&#8221;{}&#8221; custom_padding__hover=&#8221;|||&#8221;][et_pb_text admin_label=&#8221;Sign Up for our Latest Deals&#8221; global_parent=&#8221;327893&#8243; _builder_version=&#8221;4.24.3&#8243; text_font=&#8221;|500||on|||||&#8221; text_text_color=&#8221;#ffffff&#8221; text_font_size=&#8221;42&#8243; text_line_height=&#8221;52&#8243; background_layout=&#8221;dark&#8221; module_alignment=&#8221;center&#8221; custom_padding=&#8221;5px|||&#8221; text_font_size_tablet=&#8221;36&#8243; text_font_size_phone=&#8221;30px&#8221; text_font_size_last_edited=&#8221;on|phone&#8221; text_line_height_tablet=&#8221;120%&#8221; text_line_height_last_edited=&#8221;on|tablet&#8221; global_colors_info=&#8221;{}&#8221;]<\/p>\n<p>Subscreva a nossa newsletter<\/p>\n<p>[\/et_pb_text][\/et_pb_column][et_pb_column type=&#8221;1_2&#8243; global_parent=&#8221;327893&#8243; _builder_version=&#8221;4.16&#8243; custom_padding=&#8221;|||&#8221; custom_padding_tablet=&#8221;|||0px&#8221; custom_padding_last_edited=&#8221;on|tablet&#8221; custom_css_main_element=&#8221; margin-bottom: 0 !important;&#8221; global_colors_info=&#8221;{}&#8221; custom_padding__hover=&#8221;|||&#8221;][et_pb_text global_parent=&#8221;327893&#8243; _builder_version=&#8221;4.25.1&#8243; _module_preset=&#8221;default&#8221; hover_enabled=&#8221;0&#8243; global_colors_info=&#8221;{}&#8221; sticky_enabled=&#8221;0&#8243;]<\/p>\n\n<div class=\"wpcf7 no-js\" id=\"wpcf7-f215060-o1\" lang=\"pt-PT\" dir=\"ltr\" data-wpcf7-id=\"215060\">\n<div class=\"screen-reader-response\"><p role=\"status\" aria-live=\"polite\" aria-atomic=\"true\"><\/p> <ul><\/ul><\/div>\n<form action=\"\/en\/wp-json\/wp\/v2\/posts\/377473#wpcf7-f215060-o1\" method=\"post\" class=\"wpcf7-form init\" aria-label=\"Formul\u00e1rio de contacto\" novalidate=\"novalidate\" data-status=\"init\">\n<fieldset class=\"hidden-fields-container\"><input type=\"hidden\" name=\"_wpcf7\" value=\"215060\" \/><input type=\"hidden\" name=\"_wpcf7_version\" value=\"6.1.1\" \/><input type=\"hidden\" name=\"_wpcf7_locale\" value=\"pt_PT\" \/><input type=\"hidden\" name=\"_wpcf7_unit_tag\" value=\"wpcf7-f215060-o1\" \/><input type=\"hidden\" name=\"_wpcf7_container_post\" value=\"0\" \/><input type=\"hidden\" name=\"_wpcf7_posted_data_hash\" value=\"\" \/><input type=\"hidden\" name=\"_wpcf7_recaptcha_response\" value=\"\" \/>\n<\/fieldset>\n<p><label><span class=\"wpcf7-form-control-wrap\" data-name=\"email-142\"><input size=\"40\" maxlength=\"400\" class=\"wpcf7-form-control wpcf7-email wpcf7-validates-as-required wpcf7-text wpcf7-validates-as-email\" aria-required=\"true\" aria-invalid=\"false\" placeholder=\"O Seu E-mail*\" value=\"\" type=\"email\" name=\"email-142\" \/><\/span><\/label>\n<\/p>\n<p><input class=\"wpcf7-form-control wpcf7-submit has-spinner\" type=\"submit\" value=\"Enviar\" \/>\n<\/p><div class=\"wpcf7-response-output\" aria-hidden=\"true\"><\/div>\n<\/form>\n<\/div>\n\n<p>[\/et_pb_text][\/et_pb_column][\/et_pb_row][\/et_pb_section]<\/p>\n","protected":false},"excerpt":{"rendered":"<p>Coordenador: Prof. Doutor Menezes Leit\u00e3oOrganiza\u00e7\u00e3o: Instituto de Direito do ConsumoAno lectivo 2003\/2004 M\u00f3dulo I &#8211; Direito do Consumo: Quest\u00f5es Gerais (+ 6 horas) 1) Concep\u00e7\u00f5es Dogm\u00e1ticas do Direito do Consumo &#8211; Prof. Doutor Menezes Leit\u00e3o (Professor da Faculdade de Direito de Lisboa), 11\/11\/2003; 2) Endividamento dos Consumidores &#8211; Mestre Fernando Xarepe Silveiro (Assistente da Faculdade [&hellip;]<\/p>\n","protected":false},"author":1,"featured_media":0,"comment_status":"closed","ping_status":"closed","sticky":false,"template":"","format":"standard","meta":{"_et_pb_use_builder":"on","_et_pb_old_content":"<!-- wp:paragraph -->\r\n<h4><strong>Jurisprud\u00eancia Selecionada (Direito Individual) \u2013 Colet\u00e2nea de Jurisprud\u00eancia \u2013 #1<\/strong><\/h4>\r\n<p>Pedro Romano Martinez<br \/>Lu\u00eds Gon\u00e7alves da Silva<br \/>Cl\u00e1udia Madaleno<br \/>Sara Leit\u00e3o<\/p>\r\n<p>Ano: 2021<\/p>\r\n<p><em>O Instituto de Direito do Trabalho da Faculdade de Direito da Universidade de Lisboa (IDT), que tem contribu\u00eddo, de forma consistente, para o desenvolvimento e divulga\u00e7\u00e3o da ci\u00eancia do Direito do Trabalho e da Seguran\u00e7a Social, d\u00e1 agora mais um passo com a publica\u00e7\u00e3o da Jurisprud\u00eancia Seleccionada.<\/em><\/p>\r\n<p><em>Esta obra integra a nova linha de publica\u00e7\u00f5es do IDT, de acesso digital e gratuito, iniciada com a Revista Internacional de Direito do Trabalho , \u00e0 qual se seguiu a publica\u00e7\u00e3o, em ebook, de duas disserta\u00e7\u00f5es de mestrado: Do Local de Trabalho, de Pedro Madeira de Brito, e Portaria de Extens\u00e3o: Contributo para o seu Estudo, de Lu\u00eds Gon\u00e7alves da Silva.<\/em><\/p>\r\n<!-- \/wp:paragraph -->","_et_gb_content_width":"","footnotes":""},"categories":[27],"tags":[],"class_list":["post-377473","post","type-post","status-publish","format-standard","hentry","category-cursos-anteriores-en"],"yoast_head":"<!-- This site is optimized with the Yoast SEO plugin v25.9 - https:\/\/yoast.com\/wordpress\/plugins\/seo\/ -->\n<title>IV Curso de P\u00f3s-Gradua\u00e7\u00e3o em Direito do Consumo(2003\/2004) - idconsumo.pt<\/title>\n<meta name=\"robots\" content=\"index, follow, max-snippet:-1, max-image-preview:large, max-video-preview:-1\" \/>\n<link rel=\"canonical\" href=\"https:\/\/idconsumo.pt\/en\/iii-curso-de-pos-graduacao-em-direito-do-consumo-2\/\" \/>\n<meta property=\"og:locale\" content=\"en_US\" \/>\n<meta property=\"og:type\" content=\"article\" \/>\n<meta property=\"og:title\" content=\"IV Curso de P\u00f3s-Gradua\u00e7\u00e3o em Direito do Consumo(2003\/2004) - idconsumo.pt\" \/>\n<meta property=\"og:description\" content=\"Coordenador: Prof. Doutor Menezes Leit\u00e3oOrganiza\u00e7\u00e3o: Instituto de Direito do ConsumoAno lectivo 2003\/2004 M\u00f3dulo I - Direito do Consumo: Quest\u00f5es Gerais (+ 6 horas) 1) Concep\u00e7\u00f5es Dogm\u00e1ticas do Direito do Consumo - Prof. Doutor Menezes Leit\u00e3o (Professor da Faculdade de Direito de Lisboa), 11\/11\/2003; 2) Endividamento dos Consumidores - Mestre Fernando Xarepe Silveiro (Assistente da Faculdade [&hellip;]\" \/>\n<meta property=\"og:url\" content=\"https:\/\/idconsumo.pt\/en\/iii-curso-de-pos-graduacao-em-direito-do-consumo-2\/\" \/>\n<meta property=\"og:site_name\" content=\"idconsumo.pt\" \/>\n<meta property=\"article:published_time\" content=\"2003-01-01T17:20:09+00:00\" \/>\n<meta property=\"article:modified_time\" content=\"2024-07-03T18:46:55+00:00\" \/>\n<meta name=\"author\" content=\"Suporte\" \/>\n<meta name=\"twitter:card\" content=\"summary_large_image\" \/>\n<meta name=\"twitter:label1\" content=\"Written by\" \/>\n\t<meta name=\"twitter:data1\" content=\"Suporte\" \/>\n\t<meta name=\"twitter:label2\" content=\"Est. reading time\" \/>\n\t<meta name=\"twitter:data2\" content=\"10 minutes\" \/>\n<script type=\"application\/ld+json\" class=\"yoast-schema-graph\">{\"@context\":\"https:\/\/schema.org\",\"@graph\":[{\"@type\":\"WebPage\",\"@id\":\"https:\/\/idconsumo.pt\/en\/iii-curso-de-pos-graduacao-em-direito-do-consumo-2\/\",\"url\":\"https:\/\/idconsumo.pt\/en\/iii-curso-de-pos-graduacao-em-direito-do-consumo-2\/\",\"name\":\"IV Curso de P\u00f3s-Gradua\u00e7\u00e3o em Direito do Consumo (2003\/2004) - idconsumo.pt\",\"isPartOf\":{\"@id\":\"https:\/\/idconsumo.pt\/#website\"},\"datePublished\":\"2003-01-01T17:20:09+00:00\",\"dateModified\":\"2024-07-03T18:46:55+00:00\",\"author\":{\"@id\":\"https:\/\/idconsumo.pt\/#\/schema\/person\/63f80fc0977120ff325405b9a506bcdf\"},\"breadcrumb\":{\"@id\":\"https:\/\/idconsumo.pt\/en\/iii-curso-de-pos-graduacao-em-direito-do-consumo-2\/#breadcrumb\"},\"inLanguage\":\"en-US\",\"potentialAction\":[{\"@type\":\"ReadAction\",\"target\":[\"https:\/\/idconsumo.pt\/en\/iii-curso-de-pos-graduacao-em-direito-do-consumo-2\/\"]}]},{\"@type\":\"BreadcrumbList\",\"@id\":\"https:\/\/idconsumo.pt\/en\/iii-curso-de-pos-graduacao-em-direito-do-consumo-2\/#breadcrumb\",\"itemListElement\":[{\"@type\":\"ListItem\",\"position\":1,\"name\":\"In\u00edcio\",\"item\":\"https:\/\/idconsumo.pt\/\"},{\"@type\":\"ListItem\",\"position\":2,\"name\":\"IV Curso de P\u00f3s-Gradua\u00e7\u00e3o em Direito do Consumo(2003\/2004)\"}]},{\"@type\":\"WebSite\",\"@id\":\"https:\/\/idconsumo.pt\/#website\",\"url\":\"https:\/\/idconsumo.pt\/\",\"name\":\"idconsumo.pt\",\"description\":\"O IDC tem desenvolvido relevantes atividades de interesse geral no \u00e2mbito da investiga\u00e7\u00e3o, ensino e divulga\u00e7\u00e3o do Direito do Consumo.\",\"potentialAction\":[{\"@type\":\"SearchAction\",\"target\":{\"@type\":\"EntryPoint\",\"urlTemplate\":\"https:\/\/idconsumo.pt\/?s={search_term_string}\"},\"query-input\":{\"@type\":\"PropertyValueSpecification\",\"valueRequired\":true,\"valueName\":\"search_term_string\"}}],\"inLanguage\":\"en-US\"},{\"@type\":\"Person\",\"@id\":\"https:\/\/idconsumo.pt\/#\/schema\/person\/63f80fc0977120ff325405b9a506bcdf\",\"name\":\"Suporte\",\"image\":{\"@type\":\"ImageObject\",\"inLanguage\":\"en-US\",\"@id\":\"https:\/\/idconsumo.pt\/#\/schema\/person\/image\/\",\"url\":\"https:\/\/secure.gravatar.com\/avatar\/abf2f9792d63b98500ecda3cf0abd95611388099cf106a9250dfdebc2e118974?s=96&d=mm&r=g\",\"contentUrl\":\"https:\/\/secure.gravatar.com\/avatar\/abf2f9792d63b98500ecda3cf0abd95611388099cf106a9250dfdebc2e118974?s=96&d=mm&r=g\",\"caption\":\"Suporte\"},\"sameAs\":[\"https:\/\/idconsumo.pt\"],\"url\":\"https:\/\/idconsumo.pt\/en\/author\/suporte\/\"}]}<\/script>\n<!-- \/ Yoast SEO plugin. -->","yoast_head_json":{"title":"IV Curso de P\u00f3s-Gradua\u00e7\u00e3o em Direito do Consumo(2003\/2004) - idconsumo.pt","robots":{"index":"index","follow":"follow","max-snippet":"max-snippet:-1","max-image-preview":"max-image-preview:large","max-video-preview":"max-video-preview:-1"},"canonical":"https:\/\/idconsumo.pt\/en\/iii-curso-de-pos-graduacao-em-direito-do-consumo-2\/","og_locale":"en_US","og_type":"article","og_title":"IV Curso de P\u00f3s-Gradua\u00e7\u00e3o em Direito do Consumo(2003\/2004) - idconsumo.pt","og_description":"Coordenador: Prof. Doutor Menezes Leit\u00e3oOrganiza\u00e7\u00e3o: Instituto de Direito do ConsumoAno lectivo 2003\/2004 M\u00f3dulo I - Direito do Consumo: Quest\u00f5es Gerais (+ 6 horas) 1) Concep\u00e7\u00f5es Dogm\u00e1ticas do Direito do Consumo - Prof. Doutor Menezes Leit\u00e3o (Professor da Faculdade de Direito de Lisboa), 11\/11\/2003; 2) Endividamento dos Consumidores - Mestre Fernando Xarepe Silveiro (Assistente da Faculdade [&hellip;]","og_url":"https:\/\/idconsumo.pt\/en\/iii-curso-de-pos-graduacao-em-direito-do-consumo-2\/","og_site_name":"idconsumo.pt","article_published_time":"2003-01-01T17:20:09+00:00","article_modified_time":"2024-07-03T18:46:55+00:00","author":"Suporte","twitter_card":"summary_large_image","twitter_misc":{"Written by":"Suporte","Est. reading time":"10 minutes"},"schema":{"@context":"https:\/\/schema.org","@graph":[{"@type":"WebPage","@id":"https:\/\/idconsumo.pt\/en\/iii-curso-de-pos-graduacao-em-direito-do-consumo-2\/","url":"https:\/\/idconsumo.pt\/en\/iii-curso-de-pos-graduacao-em-direito-do-consumo-2\/","name":"IV Curso de P\u00f3s-Gradua\u00e7\u00e3o em Direito do Consumo (2003\/2004) - idconsumo.pt","isPartOf":{"@id":"https:\/\/idconsumo.pt\/#website"},"datePublished":"2003-01-01T17:20:09+00:00","dateModified":"2024-07-03T18:46:55+00:00","author":{"@id":"https:\/\/idconsumo.pt\/#\/schema\/person\/63f80fc0977120ff325405b9a506bcdf"},"breadcrumb":{"@id":"https:\/\/idconsumo.pt\/en\/iii-curso-de-pos-graduacao-em-direito-do-consumo-2\/#breadcrumb"},"inLanguage":"en-US","potentialAction":[{"@type":"ReadAction","target":["https:\/\/idconsumo.pt\/en\/iii-curso-de-pos-graduacao-em-direito-do-consumo-2\/"]}]},{"@type":"BreadcrumbList","@id":"https:\/\/idconsumo.pt\/en\/iii-curso-de-pos-graduacao-em-direito-do-consumo-2\/#breadcrumb","itemListElement":[{"@type":"ListItem","position":1,"name":"In\u00edcio","item":"https:\/\/idconsumo.pt\/"},{"@type":"ListItem","position":2,"name":"IV Curso de P\u00f3s-Gradua\u00e7\u00e3o em Direito do Consumo(2003\/2004)"}]},{"@type":"WebSite","@id":"https:\/\/idconsumo.pt\/#website","url":"https:\/\/idconsumo.pt\/","name":"idconsumo.pt","description":"O IDC tem desenvolvido relevantes atividades de interesse geral no \u00e2mbito da investiga\u00e7\u00e3o, ensino e divulga\u00e7\u00e3o do Direito do Consumo.","potentialAction":[{"@type":"SearchAction","target":{"@type":"EntryPoint","urlTemplate":"https:\/\/idconsumo.pt\/?s={search_term_string}"},"query-input":{"@type":"PropertyValueSpecification","valueRequired":true,"valueName":"search_term_string"}}],"inLanguage":"en-US"},{"@type":"Person","@id":"https:\/\/idconsumo.pt\/#\/schema\/person\/63f80fc0977120ff325405b9a506bcdf","name":"Suporte","image":{"@type":"ImageObject","inLanguage":"en-US","@id":"https:\/\/idconsumo.pt\/#\/schema\/person\/image\/","url":"https:\/\/secure.gravatar.com\/avatar\/abf2f9792d63b98500ecda3cf0abd95611388099cf106a9250dfdebc2e118974?s=96&d=mm&r=g","contentUrl":"https:\/\/secure.gravatar.com\/avatar\/abf2f9792d63b98500ecda3cf0abd95611388099cf106a9250dfdebc2e118974?s=96&d=mm&r=g","caption":"Suporte"},"sameAs":["https:\/\/idconsumo.pt"],"url":"https:\/\/idconsumo.pt\/en\/author\/suporte\/"}]}},"_links":{"self":[{"href":"https:\/\/idconsumo.pt\/en\/wp-json\/wp\/v2\/posts\/377473","targetHints":{"allow":["GET"]}}],"collection":[{"href":"https:\/\/idconsumo.pt\/en\/wp-json\/wp\/v2\/posts"}],"about":[{"href":"https:\/\/idconsumo.pt\/en\/wp-json\/wp\/v2\/types\/post"}],"author":[{"embeddable":true,"href":"https:\/\/idconsumo.pt\/en\/wp-json\/wp\/v2\/users\/1"}],"replies":[{"embeddable":true,"href":"https:\/\/idconsumo.pt\/en\/wp-json\/wp\/v2\/comments?post=377473"}],"version-history":[{"count":7,"href":"https:\/\/idconsumo.pt\/en\/wp-json\/wp\/v2\/posts\/377473\/revisions"}],"predecessor-version":[{"id":377608,"href":"https:\/\/idconsumo.pt\/en\/wp-json\/wp\/v2\/posts\/377473\/revisions\/377608"}],"wp:attachment":[{"href":"https:\/\/idconsumo.pt\/en\/wp-json\/wp\/v2\/media?parent=377473"}],"wp:term":[{"taxonomy":"category","embeddable":true,"href":"https:\/\/idconsumo.pt\/en\/wp-json\/wp\/v2\/categories?post=377473"},{"taxonomy":"post_tag","embeddable":true,"href":"https:\/\/idconsumo.pt\/en\/wp-json\/wp\/v2\/tags?post=377473"}],"curies":[{"name":"wp","href":"https:\/\/api.w.org\/{rel}","templated":true}]}}