{"id":377470,"date":"2005-01-01T09:46:32","date_gmt":"2005-01-01T09:46:32","guid":{"rendered":"https:\/\/idconsumo.pt\/v-curso-de-pos-graduacao-em-direito-do-consumo\/"},"modified":"2024-07-03T18:43:32","modified_gmt":"2024-07-03T18:43:32","slug":"v-curso-de-pos-graduacao-em-direito-do-consumo","status":"publish","type":"post","link":"https:\/\/idconsumo.pt\/en\/v-curso-de-pos-graduacao-em-direito-do-consumo\/","title":{"rendered":"V Curso de P\u00f3s-Gradua\u00e7\u00e3o  em Direito do Consumo<br>(20045\/2006)"},"content":{"rendered":"<p>[et_pb_section bb_built=&#8221;1&#8243; custom_padding_last_edited=&#8221;on|phone&#8221; _builder_version=&#8221;4.25.0&#8243; use_background_color_gradient=&#8221;on&#8221; background_color_gradient_stops=&#8221;rgba(30,39,78,0.7) 0%|rgba(30,39,78,0) 100%&#8221; background_color_gradient_overlays_image=&#8221;on&#8221; background_image=&#8221;https:\/\/idconsumo.pt\/wp-content\/uploads\/2024\/04\/Banner3.png&#8221; vertical_offset_tablet=&#8221;0&#8243; horizontal_offset_tablet=&#8221;0&#8243; custom_padding=&#8221;32px||193px|||&#8221; custom_padding_phone=&#8221;32px||74px||false|false&#8221; animation_style=&#8221;fade&#8221; box_shadow_horizontal_tablet=&#8221;0px&#8221; box_shadow_vertical_tablet=&#8221;0px&#8221; box_shadow_blur_tablet=&#8221;40px&#8221; box_shadow_spread_tablet=&#8221;0px&#8221; saved_tabs=&#8221;all&#8221; global_colors_info=&#8221;{}&#8221; next_background_color=&#8221;#ffffff&#8221;][\/et_pb_section][et_pb_section bb_built=&#8221;1&#8243; fullwidth=&#8221;on&#8221; _builder_version=&#8221;4.24.3&#8243; _module_preset=&#8221;default&#8221; global_colors_info=&#8221;{}&#8221; prev_background_color=&#8221;#000000&#8243; next_background_color=&#8221;#000000&#8243;][et_pb_fullwidth_post_title meta=&#8221;off&#8221; featured_image=&#8221;off&#8221; text_color=&#8221;light&#8221; _builder_version=&#8221;4.24.3&#8243; title_level=&#8221;h2&#8243; title_font=&#8221;|600||on|||||&#8221; title_text_color=&#8221;#1E274E&#8221; title_font_size=&#8221;30px&#8221; title_line_height=&#8221;1.7em&#8221; vertical_offset_tablet=&#8221;0&#8243; horizontal_offset_tablet=&#8221;0&#8243; text_orientation=&#8221;center&#8221; custom_padding=&#8221;87px||0px||false|false&#8221; title_font_size_tablet=&#8221;30px&#8221; title_font_size_phone=&#8221;18px&#8221; title_font_size_last_edited=&#8221;on|phone&#8221; z_index_tablet=&#8221;0&#8243; title_text_shadow_horizontal_length_tablet=&#8221;0px&#8221; title_text_shadow_vertical_length_tablet=&#8221;0px&#8221; title_text_shadow_blur_strength_tablet=&#8221;1px&#8221; meta_text_shadow_horizontal_length_tablet=&#8221;0px&#8221; meta_text_shadow_vertical_length_tablet=&#8221;0px&#8221; meta_text_shadow_blur_strength_tablet=&#8221;1px&#8221; box_shadow_horizontal_tablet=&#8221;0px&#8221; box_shadow_vertical_tablet=&#8221;0px&#8221; box_shadow_blur_tablet=&#8221;40px&#8221; box_shadow_spread_tablet=&#8221;0px&#8221; text_shadow_horizontal_length_tablet=&#8221;0px&#8221; text_shadow_vertical_length_tablet=&#8221;0px&#8221; text_shadow_blur_strength_tablet=&#8221;1px&#8221; global_colors_info=&#8221;{}&#8221;]<\/p>\n<p><\/p>\n<p>[\/et_pb_fullwidth_post_title][\/et_pb_section][et_pb_section bb_built=&#8221;1&#8243; _builder_version=&#8221;4.16&#8243; custom_padding=&#8221;0px|||||&#8221; global_colors_info=&#8221;{}&#8221; prev_background_color=&#8221;#000000&#8243; next_background_color=&#8221;#000000&#8243;][et_pb_row _builder_version=&#8221;4.25.1&#8243; background_size=&#8221;initial&#8221; background_position=&#8221;top_left&#8221; background_repeat=&#8221;repeat&#8221; module_alignment=&#8221;center&#8221; custom_padding=&#8221;0px|||||&#8221; hover_enabled=&#8221;0&#8243; global_colors_info=&#8221;{}&#8221; max_width=&#8221;100%&#8221; sticky_enabled=&#8221;0&#8243;][et_pb_column type=&#8221;4_4&#8243; _builder_version=&#8221;4.16&#8243; custom_padding=&#8221;|||&#8221; global_colors_info=&#8221;{}&#8221; custom_padding__hover=&#8221;|||&#8221;][et_pb_divider show_divider=&#8221;off&#8221; _builder_version=&#8221;4.25.0&#8243; _module_preset=&#8221;default&#8221; global_colors_info=&#8221;{}&#8221;]<\/p>\n<p><\/p>\n<p>[\/et_pb_divider][et_pb_text _builder_version=&#8221;4.25.1&#8243; text_text_color=&#8221;#1E274E&#8221; header_text_color=&#8221;#1E274E&#8221; background_size=&#8221;initial&#8221; background_position=&#8221;top_left&#8221; background_repeat=&#8221;repeat&#8221; hover_enabled=&#8221;0&#8243; global_colors_info=&#8221;{}&#8221; sticky_enabled=&#8221;0&#8243;]<\/p>\n<p style=\"text-align: center;\">Coordenador: Prof. Doutor Menezes Leit\u00e3o<br \/>Organiza\u00e7\u00e3o: Instituto de Direito do Consumo<br \/>Ano lectivo 2005\/2006<\/p>\n<p style=\"text-align: justify;\"><strong><\/strong><\/p>\n<p style=\"text-align: justify;\"><strong><\/strong><\/p>\n<p style=\"text-align: center;\"><strong>M\u00f3dulo I &#8211; Direito do Consumo: Quest\u00f5es Gerais<\/strong><\/p>\n<p style=\"text-align: center;\">1) Endividamento dos Consumidores &#8211; Mestre Fernando Xarepe Silveiro (Assistente da Faculdade de Direito de Lisboa), 06 de Fevereiro de 2006<\/p>\n<p style=\"text-align: center;\">2) Concep\u00e7\u00f5es Dogm\u00e1ticas do Direito do Consumo &#8211; Prof. Doutor Menezes Leit\u00e3o (Professor da Faculdade de Direito de Lisboa), 07 de Fevereiro de 2006.<\/p>\n<p style=\"text-align: center;\">3) As Novas Linhas do Direito do Consumo &#8211; Prof. Doutor Pinto Monteiro (Professor da Faculdade de Direito da Universidade de Coimbra), 09 de Fevereiro 2006.<\/p>\n<p style=\"text-align: center;\"><strong>M\u00f3dulo II &#8211; Direito Constitucional e Administrativo do Consumo<\/strong><\/p>\n<p style=\"text-align: center;\">4) Constitui\u00e7\u00e3o &#8211; Prof. Doutor Jorge Miranda (Professor da Faculdade de Direito de Lisboa), 14 de Fevereiro de 2006.<\/p>\n<p style=\"text-align: center;\">5) Tutela Administrativa do Consumo \u2013 Mestre Adelaide Menezes Leit\u00e3o (Assistente da Faculdade de Direito de Lisboa), 16 de Fevereiro de 2006.<\/p>\n<p style=\"text-align: center;\"><strong>M\u00f3dulo III &#8211; Direito Comunit\u00e1rio do Consumo<\/strong><\/p>\n<p style=\"text-align: center;\">6) e 7) Prof.\u00aa Doutora Ana Maria Guerra Martins &#8211; (Professora da Faculdade de Direito de\u00a0 Lisboa). 21 de Fevereiro de 2006 e 23 de Fevereiro de 2006.<\/p>\n<p style=\"text-align: center;\"><strong>M\u00f3dulo IV &#8211; Direito Internacional Privado do Consumo<\/strong><\/p>\n<p style=\"text-align: center;\">8) Conven\u00e7\u00e3o de Roma; Contratos com os Consumidores &#8211; Prof. Doutor D\u00e1rio Moura Vicente (Professor da Faculdade de Direito de Lisboa), 07 de Mar\u00e7o de 2006.<\/p>\n<p style=\"text-align: center;\"><strong>M\u00f3dulo V &#8211; Situa\u00e7\u00e3o Jur\u00eddica do Consumo em Geral<\/strong><\/p>\n<p style=\"text-align: center;\">9) Responsabilidade Civil do Produtor &#8211; Prof. Doutor Menezes Leit\u00e3o (Professor da Faculdade de Direito de Lisboa), 14 de Mar\u00e7o de 2006.<\/p>\n<p style=\"text-align: center;\">10) Publicidade e Tutela do Consumidor &#8211; Mestre Adelaide Menezes Leit\u00e3o (Assistente da Faculdade de Direito de Lisboa), 16 de Mar\u00e7o de 2006.<\/p>\n<p style=\"text-align: center;\">11) Cl\u00e1usulas Contratuais Gerais e Contratos Pr\u00e9-Formulados &#8211; Prof. Doutor Menezes Cordeiro (Professor da Faculdade de Direito de Lisboa), 21 de Mar\u00e7o de 2006.<\/p>\n<p style=\"text-align: center;\">12) Protec\u00e7\u00e3o do Consumidor contra as Pr\u00e1ticas Comerciais Agressivas \u2013 Mestre Adelaide Menezes Leit\u00e3o (Assistente da Faculdade de Direito de Lisboa), 23 de Mar\u00e7o de 2006.<\/p>\n<p style=\"text-align: center;\">13) Garantias dos Contratos de Consumo \u2013 Prof. Doutor Carneiro da Frada (Professor da Faculdade de Direito de Lisboa), 28 de Mar\u00e7o de 2006.<\/p>\n<p style=\"text-align: center;\"><strong>M\u00f3dulo VI &#8211; Situa\u00e7\u00f5es Jur\u00eddicas Especiais do Consumo I<\/strong><\/p>\n<p style=\"text-align: center;\">14) Servi\u00e7os de Telecomunica\u00e7\u00f5es &#8211; Mestre Alexandra Leit\u00e3o (Assistente da Faculdade de Direito de Lisboa), 30 de Mar\u00e7o de 2006.<\/p>\n<p style=\"text-align: center;\">15) Servi\u00e7os P\u00fablicos Administrativos &#8211; Mestre Adelaide Menezes Leit\u00e3o (Assistente da Faculdade de Direito de Lisboa), 04 de Abril de 2006.<\/p>\n<p style=\"text-align: center;\">16) Fornecimento de Bens Essenciais &#8211; Mestre Adelaide Menezes Leit\u00e3o (Assistente da Faculdade de Direito de Lisboa), 20 de Abril de 2006.<\/p>\n<p style=\"text-align: center;\"><strong>M\u00f3dulo VII &#8211; Situa\u00e7\u00f5es Jur\u00eddicas Especiais do Consumo II<\/strong><\/p>\n<p style=\"text-align: center;\">17) Servi\u00e7os Banc\u00e1rios \u2013 Prof. Doutor Santos J\u00fanior (Professor da Faculdade de Direito de Lisboa), 27 de Abril de 2006.<\/p>\n<p style=\"text-align: center;\">18) Cr\u00e9dito \u00e0 Habita\u00e7\u00e3o \u2013 Mestre Adelaide Menezes Leit\u00e3o (Assistente da Faculdade de Direito de Lisboa), 02 de Maio de 2006.<\/p>\n<p style=\"text-align: center;\">19) Cr\u00e9dito ao Consumo &#8211; Prof. Doutor Santos J\u00fanior (Professor da Faculdade de Direito de Lisboa), 04 de Maio de 2006.<\/p>\n<p style=\"text-align: center;\">20) Emiss\u00e3o de Cart\u00f5es de Cr\u00e9dito \u2013 Mestre Joana Vasconcelos (Assistente da Faculdade de Direito da Universidade Cat\u00f3lica), 09 de Maio de 2006.<\/p>\n<p style=\"text-align: center;\"><strong>M\u00f3dulo VIII &#8211; Situa\u00e7\u00f5es Jur\u00eddicas Especiais do Consumo III<\/strong><\/p>\n<p style=\"text-align: center;\">21) Presta\u00e7\u00e3o de Servi\u00e7o Tur\u00edstico, Mestre Jo\u00e3o Menezes Leit\u00e3o (Advogado. Jurista da Administra\u00e7\u00e3o Geral Tribut\u00e1ria), 11 de Maio de 2006.<\/p>\n<p style=\"text-align: center;\">22) Contrato de Viagem Organizada \u2013 Prof. Doutor Pedro Romano Martinez (Professor da Faculdade de Direito de Lisboa), 16 de Maio de 2006.<\/p>\n<p style=\"text-align: center;\">23) Espect\u00e1culos P\u00fablicos, Mestre Lurdes Pereira (Assistente da Faculdade de Direito de Lisboa). 18 de Maio de 2006.<\/p>\n<p style=\"text-align: center;\"><strong>M\u00f3dulo IX &#8211; Situa\u00e7\u00f5es Jur\u00eddicas Especiais do Consumo IV<\/strong><\/p>\n<p style=\"text-align: center;\">24) Contrato de Transportes P\u00fablicos &#8211; Mestre Jo\u00e3o Menezes Leit\u00e3o (Advogado. Jurista da Administra\u00e7\u00e3o Geral Tribut\u00e1ria), 23 de Maio de 2006.<\/p>\n<p style=\"text-align: center;\">25) Contrato de Seguro &#8211; Prof. Doutor Jos\u00e9 Alberto Vieira (Professor da Faculdade de Direito de Lisboa), 06 de Junho de 2006.<\/p>\n<p style=\"text-align: center;\"><strong>M\u00f3dulo X &#8211; Situa\u00e7\u00f5es Jur\u00eddicas Especiais do Consumo V<\/strong><\/p>\n<p style=\"text-align: center;\">26) Contrato de Media\u00e7\u00e3o &#8211; Mestre Carlos Lacerda Barata (Assistente da Faculdade de Direito de Lisboa), 20 de Junho de 2006.<\/p>\n<p style=\"text-align: center;\">27) Contrato de Constitui\u00e7\u00e3o de Direito Real de Habita\u00e7\u00e3o Peri\u00f3dica &#8211; Prof. Doutor Jos\u00e9 Alberto Vieira (Assistente da Faculdade de Direito de Lisboa), 22 de Junho de 2006.<\/p>\n<p style=\"text-align: center;\">28) Venda Fora do Estabelecimento e Venda \u00e0 Dist\u00e2ncia &#8211; Mestre Carlos Lacerda Barata (Assistente da Faculdade de Direito de Lisboa), 27 de Junho de 2006.<\/p>\n<p style=\"text-align: center;\">29) Venda com Redu\u00e7\u00e3o de Pre\u00e7os &#8211; Mestre Guilherme Machado Dray (Assistente da Faculdade de Direito de Lisboa), 29 de Junho de 2006.<\/p>\n<p style=\"text-align: center;\">30) Compra e Venda em Grupo \u2013 Mestre Lurdes Pereira (Assistente da Faculdade de Direito de Lisboa), 04 de Julho de 2006.<\/p>\n<p style=\"text-align: center;\"><strong>M\u00f3dulo XI &#8211; Consumidor e Sociedade da Informa\u00e7\u00e3o<\/strong><\/p>\n<p style=\"text-align: center;\">31) Protec\u00e7\u00e3o do Consumidor na Base de Dados e na Internet &#8211; Mestre Abel Sequeira Ferreira (Advogado), 06 de Julho de 2006.<\/p>\n<p style=\"text-align: center;\"><strong>M\u00f3dulo XII &#8211; Direito Penal e Contra-Ordenacional do Consumo<\/strong><\/p>\n<p style=\"text-align: center;\">32) Direito Penal do Consumo e Contra-Ordenacional do Consumo &#8211; Prof\u00aa. Doutora Fernanda Palma (Professora da Faculdade de Direito de Lisboa), 11 de Julho de 2006.<\/p>\n<p style=\"text-align: center;\"><strong>M\u00f3dulo XIII &#8211; Resolu\u00e7\u00e3o dos Conflitos do Consumo<\/strong><\/p>\n<p style=\"text-align: center;\">33) Ac\u00e7\u00e3o Popular no Direito do Consumo &#8211; Prof. Doutor Teixeira de Sousa (Professor da Faculdade de Direito de Lisboa), 13 de Julho de 2006.<\/p>\n<p style=\"text-align: center;\">34) Arbitragem no Direito do Consumo &#8211; Prof. Doutor D\u00e1rio Moura Vicente (Professor da Faculdade de Direito de Lisboa), 18 de Julho de 2006.<\/p>\n<p style=\"text-align: center;\"><strong>Informa\u00e7\u00f5es sobre o Curso:<\/strong><\/p>\n<p style=\"text-align: center;\">1) Destinat\u00e1rios: licenciados em Direito e \u00e1reas afins.<\/p>\n<p style=\"text-align: center;\">2) As pr\u00e9-inscri\u00e7\u00f5es decorrem at\u00e9 2 de Fevereiro de 2006.<\/p>\n<p style=\"text-align: center;\">3) O Curso tem in\u00edcio em Fevereiro de 2006 e termina em Julho de 2006.<\/p>\n<p style=\"text-align: center;\">4) Modalidades de inscri\u00e7\u00e3o: a) Curso Completo com Avalia\u00e7\u00e3o (confere certificado de P\u00f3s-Gradua\u00e7\u00e3o); b) Curso Completo sem Avalia\u00e7\u00e3o (confere certificado de presen\u00e7a); c) M\u00f3dulos (confere certificado de presen\u00e7a)<\/p>\n<p style=\"text-align: center;\">5) Cartas de aceita\u00e7\u00e3o: s\u00e3o passadas aos candidatos que as solicitarem para instruir os respectivos processos.<\/p>\n<p style=\"text-align: center;\">6) Pre\u00e7os: a) Matr\u00edcula \u2013 60,50\u20ac; b) Curso Completo com avalia\u00e7\u00e3o \u2013 786,50\u20ac (pagamento \u00fanico) ou 6 presta\u00e7\u00f5es de 131,08\u20ac; c) Curso Completo sem Avalia\u00e7\u00e3o \u2013 605,00\u20ac (pagamento \u00fanico) ou 6 presta\u00e7\u00f5es de 100,83\u20ac; d) M\u00f3dulos at\u00e9 6 horas \u2013 Inscri\u00e7\u00e3o \u2013 60,50\u20ac + 121,00 \u20ac; Todos estes pre\u00e7os incluem IVA \u00e0 taxa de 21%.<\/p>\n<p style=\"text-align: center;\">7) Funcionamento: o Curso decorre, em regra, \u00e0s 3.\u00aa e 5.\u00aa feiras, das 19 h 00 m \u00e0s 20 h 30m.<\/p>\n<p style=\"text-align: center;\">8) Avalia\u00e7\u00e3o: no caso de inscri\u00e7\u00e3o em Curso Completo com Avalia\u00e7\u00e3o, \u00e9 solicitado ao discente, durante o Curso, anota\u00e7\u00f5es jurisprudenciais sobre alguns dos temas leccionados; no final do Curso o discente tem de apresentar um trabalho escrito, sobre um tema \u00e0 sua escolha, que ser\u00e1 objecto de discuss\u00e3o oral, caso n\u00e3o obtenha nota de dispensa (12 valores).<\/p>\n<p style=\"text-align: center;\">9) Numerus clausus: 25 alunos.<\/p>\n<p style=\"text-align: center;\">10) Informa\u00e7\u00f5es: Para qualquer esclarecimento, pode contactar-se o Instituto de Direito do Consumo (idt@mail.fd.ul.pt \/ www.fd.ul.pt\/institutos), Gra\u00e7a Leiria \u2013 telefone n.\u00ba 965 392 128.<\/p>\n<p style=\"text-align: center;\">11) Hor\u00e1rio de funcionamento do IDC: 2.\u00aa a 5.\u00ba, das 15 h 30 \u00e0s 20 h 30; 4.\u00aa tamb\u00e9m das 10h 00 \u00e0s 13 h00<\/p>\n<p>[\/et_pb_text][\/et_pb_column][\/et_pb_row][et_pb_row _builder_version=&#8221;4.24.3&#8243; _module_preset=&#8221;default&#8221; custom_padding=&#8221;0px|||||&#8221; global_colors_info=&#8221;{}&#8221;][et_pb_column type=&#8221;4_4&#8243; _builder_version=&#8221;4.24.3&#8243; _module_preset=&#8221;default&#8221; global_colors_info=&#8221;{}&#8221;][et_pb_button button_url=&#8221;https:\/\/idconsumo.pt\/wp-content\/uploads\/2024\/05\/5o-CURSO-CONSUMO-2006-24-01-06.pdf&#8221; url_new_window=&#8221;on&#8221; button_text=&#8221;Descarregar PDF do Curso&#8221; button_alignment=&#8221;center&#8221; _builder_version=&#8221;4.25.1&#8243; _module_preset=&#8221;default&#8221; custom_button=&#8221;on&#8221; button_text_size=&#8221;18px&#8221; button_text_color=&#8221;#FFFFFF&#8221; button_bg_color=&#8221;#1E274E&#8221; button_font=&#8221;||||||||&#8221; button_icon=&#8221;&#x24;||divi||400&#8243; custom_padding=&#8221;20px|40px|20px|40px|true|true&#8221; global_colors_info=&#8221;{}&#8221;]<\/p>\n<p><\/p>\n<p>[\/et_pb_button][\/et_pb_column][\/et_pb_row][\/et_pb_section][et_pb_section bb_built=&#8221;1&#8243; admin_label=&#8221;Mozart &#8211; Home&#8221; module_id=&#8221;newsletter&#8221; module_class=&#8221;mozart_footer&#8221; _builder_version=&#8221;4.24.3&#8243; background_color=&#8221;#ffffff&#8221; custom_padding=&#8221;0px||0px|&#8221; custom_css_main_element=&#8221; overflow: hidden;&#8221; saved_tabs=&#8221;all&#8221; global_colors_info=&#8221;{}&#8221; prev_background_color=&#8221;#000000&#8243; global_module=&#8221;327893&#8243;][et_pb_row admin_label=&#8221;Mozart &#8211; Home&#8221; global_parent=&#8221;327893&#8243; column_structure=&#8221;1_2,1_2&#8243; use_custom_gutter=&#8221;on&#8221; gutter_width=&#8221;1&#8243; custom_padding_last_edited=&#8221;on|desktop&#8221; _builder_version=&#8221;4.24.3&#8243; background_color=&#8221;#1a284d&#8221; background_size=&#8221;initial&#8221; background_position=&#8221;top_left&#8221; background_repeat=&#8221;repeat&#8221; max_width=&#8221;1175px&#8221; custom_margin=&#8221;-1px|auto|-1px|auto|true|false&#8221; custom_padding=&#8221;4.1vw||4.3vw|&#8221; custom_padding_tablet=&#8221;60px||60px|&#8221; custom_css_before=&#8221; content: %22%22;|| display: block;|| position: absolute;|| background-color: #1a284d;|| height: 100%;|| width: 5000px;|| top: 0;|| left: -2000px;&#8221; custom_css_main_element=&#8221;overflow: visible !important;&#8221; use_custom_width=&#8221;on&#8221; custom_width_px=&#8221;1175px&#8221; global_colors_info=&#8221;{}&#8221;][et_pb_column type=&#8221;1_2&#8243; global_parent=&#8221;327893&#8243; _builder_version=&#8221;4.16&#8243; custom_padding=&#8221;|||&#8221; custom_padding_tablet=&#8221;|||0px&#8221; custom_padding_last_edited=&#8221;on|tablet&#8221; custom_css_main_element=&#8221; width: 38%;&#8221; global_colors_info=&#8221;{}&#8221; custom_padding__hover=&#8221;|||&#8221;][et_pb_text admin_label=&#8221;Sign Up for our Latest Deals&#8221; global_parent=&#8221;327893&#8243; _builder_version=&#8221;4.24.3&#8243; text_font=&#8221;|500||on|||||&#8221; text_text_color=&#8221;#ffffff&#8221; text_font_size=&#8221;42&#8243; text_line_height=&#8221;52&#8243; background_layout=&#8221;dark&#8221; module_alignment=&#8221;center&#8221; custom_padding=&#8221;5px|||&#8221; text_font_size_tablet=&#8221;36&#8243; text_font_size_phone=&#8221;30px&#8221; text_font_size_last_edited=&#8221;on|phone&#8221; text_line_height_tablet=&#8221;120%&#8221; text_line_height_last_edited=&#8221;on|tablet&#8221; global_colors_info=&#8221;{}&#8221;]<\/p>\n<p>Subscreva a nossa newsletter<\/p>\n<p>[\/et_pb_text][\/et_pb_column][et_pb_column type=&#8221;1_2&#8243; global_parent=&#8221;327893&#8243; _builder_version=&#8221;4.16&#8243; custom_padding=&#8221;|||&#8221; custom_padding_tablet=&#8221;|||0px&#8221; custom_padding_last_edited=&#8221;on|tablet&#8221; custom_css_main_element=&#8221; margin-bottom: 0 !important;&#8221; global_colors_info=&#8221;{}&#8221; custom_padding__hover=&#8221;|||&#8221;][et_pb_text global_parent=&#8221;327893&#8243; _builder_version=&#8221;4.25.1&#8243; _module_preset=&#8221;default&#8221; hover_enabled=&#8221;0&#8243; global_colors_info=&#8221;{}&#8221; sticky_enabled=&#8221;0&#8243;]<\/p>\n\n<div class=\"wpcf7 no-js\" id=\"wpcf7-f215060-o1\" lang=\"pt-PT\" dir=\"ltr\" data-wpcf7-id=\"215060\">\n<div class=\"screen-reader-response\"><p role=\"status\" aria-live=\"polite\" aria-atomic=\"true\"><\/p> <ul><\/ul><\/div>\n<form action=\"\/en\/wp-json\/wp\/v2\/posts\/377470#wpcf7-f215060-o1\" method=\"post\" class=\"wpcf7-form init\" aria-label=\"Formul\u00e1rio de contacto\" novalidate=\"novalidate\" data-status=\"init\">\n<fieldset class=\"hidden-fields-container\"><input type=\"hidden\" name=\"_wpcf7\" value=\"215060\" \/><input type=\"hidden\" name=\"_wpcf7_version\" value=\"6.1.1\" \/><input type=\"hidden\" name=\"_wpcf7_locale\" value=\"pt_PT\" \/><input type=\"hidden\" name=\"_wpcf7_unit_tag\" value=\"wpcf7-f215060-o1\" \/><input type=\"hidden\" name=\"_wpcf7_container_post\" value=\"0\" \/><input type=\"hidden\" name=\"_wpcf7_posted_data_hash\" value=\"\" \/><input type=\"hidden\" name=\"_wpcf7_recaptcha_response\" value=\"\" \/>\n<\/fieldset>\n<p><label><span class=\"wpcf7-form-control-wrap\" data-name=\"email-142\"><input size=\"40\" maxlength=\"400\" class=\"wpcf7-form-control wpcf7-email wpcf7-validates-as-required wpcf7-text wpcf7-validates-as-email\" aria-required=\"true\" aria-invalid=\"false\" placeholder=\"O Seu E-mail*\" value=\"\" type=\"email\" name=\"email-142\" \/><\/span><\/label>\n<\/p>\n<p><input class=\"wpcf7-form-control wpcf7-submit has-spinner\" type=\"submit\" value=\"Enviar\" \/>\n<\/p><div class=\"wpcf7-response-output\" aria-hidden=\"true\"><\/div>\n<\/form>\n<\/div>\n\n<p>[\/et_pb_text][\/et_pb_column][\/et_pb_row][\/et_pb_section]<\/p>\n","protected":false},"excerpt":{"rendered":"<p>Coordenador: Prof. Doutor Menezes Leit\u00e3oOrganiza\u00e7\u00e3o: Instituto de Direito do ConsumoAno lectivo 2005\/2006 M\u00f3dulo I &#8211; Direito do Consumo: Quest\u00f5es Gerais 1) Endividamento dos Consumidores &#8211; Mestre Fernando Xarepe Silveiro (Assistente da Faculdade de Direito de Lisboa), 06 de Fevereiro de 2006 2) Concep\u00e7\u00f5es Dogm\u00e1ticas do Direito do Consumo &#8211; Prof. Doutor Menezes Leit\u00e3o (Professor da [&hellip;]<\/p>\n","protected":false},"author":1,"featured_media":0,"comment_status":"closed","ping_status":"closed","sticky":false,"template":"","format":"standard","meta":{"_et_pb_use_builder":"on","_et_pb_old_content":"<!-- wp:paragraph -->\r\n<h4><strong>Jurisprud\u00eancia Selecionada (Direito Individual) \u2013 Colet\u00e2nea de Jurisprud\u00eancia \u2013 #1<\/strong><\/h4>\r\n<p>Pedro Romano Martinez<br \/>Lu\u00eds Gon\u00e7alves da Silva<br \/>Cl\u00e1udia Madaleno<br \/>Sara Leit\u00e3o<\/p>\r\n<p>Ano: 2021<\/p>\r\n<p><em>O Instituto de Direito do Trabalho da Faculdade de Direito da Universidade de Lisboa (IDT), que tem contribu\u00eddo, de forma consistente, para o desenvolvimento e divulga\u00e7\u00e3o da ci\u00eancia do Direito do Trabalho e da Seguran\u00e7a Social, d\u00e1 agora mais um passo com a publica\u00e7\u00e3o da Jurisprud\u00eancia Seleccionada.<\/em><\/p>\r\n<p><em>Esta obra integra a nova linha de publica\u00e7\u00f5es do IDT, de acesso digital e gratuito, iniciada com a Revista Internacional de Direito do Trabalho , \u00e0 qual se seguiu a publica\u00e7\u00e3o, em ebook, de duas disserta\u00e7\u00f5es de mestrado: Do Local de Trabalho, de Pedro Madeira de Brito, e Portaria de Extens\u00e3o: Contributo para o seu Estudo, de Lu\u00eds Gon\u00e7alves da Silva.<\/em><\/p>\r\n<!-- \/wp:paragraph -->","_et_gb_content_width":"","footnotes":""},"categories":[27],"tags":[],"class_list":["post-377470","post","type-post","status-publish","format-standard","hentry","category-cursos-anteriores-en"],"yoast_head":"<!-- This site is optimized with the Yoast SEO plugin v25.9 - https:\/\/yoast.com\/wordpress\/plugins\/seo\/ -->\n<title>V Curso de P\u00f3s-Gradua\u00e7\u00e3o em Direito do Consumo(20045\/2006) - idconsumo.pt<\/title>\n<meta name=\"robots\" content=\"index, follow, max-snippet:-1, max-image-preview:large, max-video-preview:-1\" \/>\n<link rel=\"canonical\" href=\"https:\/\/idconsumo.pt\/en\/v-curso-de-pos-graduacao-em-direito-do-consumo\/\" \/>\n<meta property=\"og:locale\" content=\"en_US\" \/>\n<meta property=\"og:type\" content=\"article\" \/>\n<meta property=\"og:title\" content=\"V Curso de P\u00f3s-Gradua\u00e7\u00e3o em Direito do Consumo(20045\/2006) - idconsumo.pt\" \/>\n<meta property=\"og:description\" content=\"Coordenador: Prof. Doutor Menezes Leit\u00e3oOrganiza\u00e7\u00e3o: Instituto de Direito do ConsumoAno lectivo 2005\/2006 M\u00f3dulo I - Direito do Consumo: Quest\u00f5es Gerais 1) Endividamento dos Consumidores - Mestre Fernando Xarepe Silveiro (Assistente da Faculdade de Direito de Lisboa), 06 de Fevereiro de 2006 2) Concep\u00e7\u00f5es Dogm\u00e1ticas do Direito do Consumo - Prof. Doutor Menezes Leit\u00e3o (Professor da [&hellip;]\" \/>\n<meta property=\"og:url\" content=\"https:\/\/idconsumo.pt\/en\/v-curso-de-pos-graduacao-em-direito-do-consumo\/\" \/>\n<meta property=\"og:site_name\" content=\"idconsumo.pt\" \/>\n<meta property=\"article:published_time\" content=\"2005-01-01T09:46:32+00:00\" \/>\n<meta property=\"article:modified_time\" content=\"2024-07-03T18:43:32+00:00\" \/>\n<meta name=\"author\" content=\"Suporte\" \/>\n<meta name=\"twitter:card\" content=\"summary_large_image\" \/>\n<meta name=\"twitter:label1\" content=\"Written by\" \/>\n\t<meta name=\"twitter:data1\" content=\"Suporte\" \/>\n\t<meta name=\"twitter:label2\" content=\"Est. reading time\" \/>\n\t<meta name=\"twitter:data2\" content=\"10 minutes\" \/>\n<script type=\"application\/ld+json\" class=\"yoast-schema-graph\">{\"@context\":\"https:\/\/schema.org\",\"@graph\":[{\"@type\":\"WebPage\",\"@id\":\"https:\/\/idconsumo.pt\/en\/v-curso-de-pos-graduacao-em-direito-do-consumo\/\",\"url\":\"https:\/\/idconsumo.pt\/en\/v-curso-de-pos-graduacao-em-direito-do-consumo\/\",\"name\":\"V Curso de P\u00f3s-Gradua\u00e7\u00e3o em Direito do Consumo (20045\/2006) - idconsumo.pt\",\"isPartOf\":{\"@id\":\"https:\/\/idconsumo.pt\/#website\"},\"datePublished\":\"2005-01-01T09:46:32+00:00\",\"dateModified\":\"2024-07-03T18:43:32+00:00\",\"author\":{\"@id\":\"https:\/\/idconsumo.pt\/#\/schema\/person\/63f80fc0977120ff325405b9a506bcdf\"},\"breadcrumb\":{\"@id\":\"https:\/\/idconsumo.pt\/en\/v-curso-de-pos-graduacao-em-direito-do-consumo\/#breadcrumb\"},\"inLanguage\":\"en-US\",\"potentialAction\":[{\"@type\":\"ReadAction\",\"target\":[\"https:\/\/idconsumo.pt\/en\/v-curso-de-pos-graduacao-em-direito-do-consumo\/\"]}]},{\"@type\":\"BreadcrumbList\",\"@id\":\"https:\/\/idconsumo.pt\/en\/v-curso-de-pos-graduacao-em-direito-do-consumo\/#breadcrumb\",\"itemListElement\":[{\"@type\":\"ListItem\",\"position\":1,\"name\":\"In\u00edcio\",\"item\":\"https:\/\/idconsumo.pt\/\"},{\"@type\":\"ListItem\",\"position\":2,\"name\":\"V Curso de P\u00f3s-Gradua\u00e7\u00e3o em Direito do Consumo(20045\/2006)\"}]},{\"@type\":\"WebSite\",\"@id\":\"https:\/\/idconsumo.pt\/#website\",\"url\":\"https:\/\/idconsumo.pt\/\",\"name\":\"idconsumo.pt\",\"description\":\"O IDC tem desenvolvido relevantes atividades de interesse geral no \u00e2mbito da investiga\u00e7\u00e3o, ensino e divulga\u00e7\u00e3o do Direito do Consumo.\",\"potentialAction\":[{\"@type\":\"SearchAction\",\"target\":{\"@type\":\"EntryPoint\",\"urlTemplate\":\"https:\/\/idconsumo.pt\/?s={search_term_string}\"},\"query-input\":{\"@type\":\"PropertyValueSpecification\",\"valueRequired\":true,\"valueName\":\"search_term_string\"}}],\"inLanguage\":\"en-US\"},{\"@type\":\"Person\",\"@id\":\"https:\/\/idconsumo.pt\/#\/schema\/person\/63f80fc0977120ff325405b9a506bcdf\",\"name\":\"Suporte\",\"image\":{\"@type\":\"ImageObject\",\"inLanguage\":\"en-US\",\"@id\":\"https:\/\/idconsumo.pt\/#\/schema\/person\/image\/\",\"url\":\"https:\/\/secure.gravatar.com\/avatar\/abf2f9792d63b98500ecda3cf0abd95611388099cf106a9250dfdebc2e118974?s=96&d=mm&r=g\",\"contentUrl\":\"https:\/\/secure.gravatar.com\/avatar\/abf2f9792d63b98500ecda3cf0abd95611388099cf106a9250dfdebc2e118974?s=96&d=mm&r=g\",\"caption\":\"Suporte\"},\"sameAs\":[\"https:\/\/idconsumo.pt\"],\"url\":\"https:\/\/idconsumo.pt\/en\/author\/suporte\/\"}]}<\/script>\n<!-- \/ Yoast SEO plugin. -->","yoast_head_json":{"title":"V Curso de P\u00f3s-Gradua\u00e7\u00e3o em Direito do Consumo(20045\/2006) - idconsumo.pt","robots":{"index":"index","follow":"follow","max-snippet":"max-snippet:-1","max-image-preview":"max-image-preview:large","max-video-preview":"max-video-preview:-1"},"canonical":"https:\/\/idconsumo.pt\/en\/v-curso-de-pos-graduacao-em-direito-do-consumo\/","og_locale":"en_US","og_type":"article","og_title":"V Curso de P\u00f3s-Gradua\u00e7\u00e3o em Direito do Consumo(20045\/2006) - idconsumo.pt","og_description":"Coordenador: Prof. Doutor Menezes Leit\u00e3oOrganiza\u00e7\u00e3o: Instituto de Direito do ConsumoAno lectivo 2005\/2006 M\u00f3dulo I - Direito do Consumo: Quest\u00f5es Gerais 1) Endividamento dos Consumidores - Mestre Fernando Xarepe Silveiro (Assistente da Faculdade de Direito de Lisboa), 06 de Fevereiro de 2006 2) Concep\u00e7\u00f5es Dogm\u00e1ticas do Direito do Consumo - Prof. Doutor Menezes Leit\u00e3o (Professor da [&hellip;]","og_url":"https:\/\/idconsumo.pt\/en\/v-curso-de-pos-graduacao-em-direito-do-consumo\/","og_site_name":"idconsumo.pt","article_published_time":"2005-01-01T09:46:32+00:00","article_modified_time":"2024-07-03T18:43:32+00:00","author":"Suporte","twitter_card":"summary_large_image","twitter_misc":{"Written by":"Suporte","Est. reading time":"10 minutes"},"schema":{"@context":"https:\/\/schema.org","@graph":[{"@type":"WebPage","@id":"https:\/\/idconsumo.pt\/en\/v-curso-de-pos-graduacao-em-direito-do-consumo\/","url":"https:\/\/idconsumo.pt\/en\/v-curso-de-pos-graduacao-em-direito-do-consumo\/","name":"V Curso de P\u00f3s-Gradua\u00e7\u00e3o em Direito do Consumo (20045\/2006) - idconsumo.pt","isPartOf":{"@id":"https:\/\/idconsumo.pt\/#website"},"datePublished":"2005-01-01T09:46:32+00:00","dateModified":"2024-07-03T18:43:32+00:00","author":{"@id":"https:\/\/idconsumo.pt\/#\/schema\/person\/63f80fc0977120ff325405b9a506bcdf"},"breadcrumb":{"@id":"https:\/\/idconsumo.pt\/en\/v-curso-de-pos-graduacao-em-direito-do-consumo\/#breadcrumb"},"inLanguage":"en-US","potentialAction":[{"@type":"ReadAction","target":["https:\/\/idconsumo.pt\/en\/v-curso-de-pos-graduacao-em-direito-do-consumo\/"]}]},{"@type":"BreadcrumbList","@id":"https:\/\/idconsumo.pt\/en\/v-curso-de-pos-graduacao-em-direito-do-consumo\/#breadcrumb","itemListElement":[{"@type":"ListItem","position":1,"name":"In\u00edcio","item":"https:\/\/idconsumo.pt\/"},{"@type":"ListItem","position":2,"name":"V Curso de P\u00f3s-Gradua\u00e7\u00e3o em Direito do Consumo(20045\/2006)"}]},{"@type":"WebSite","@id":"https:\/\/idconsumo.pt\/#website","url":"https:\/\/idconsumo.pt\/","name":"idconsumo.pt","description":"O IDC tem desenvolvido relevantes atividades de interesse geral no \u00e2mbito da investiga\u00e7\u00e3o, ensino e divulga\u00e7\u00e3o do Direito do Consumo.","potentialAction":[{"@type":"SearchAction","target":{"@type":"EntryPoint","urlTemplate":"https:\/\/idconsumo.pt\/?s={search_term_string}"},"query-input":{"@type":"PropertyValueSpecification","valueRequired":true,"valueName":"search_term_string"}}],"inLanguage":"en-US"},{"@type":"Person","@id":"https:\/\/idconsumo.pt\/#\/schema\/person\/63f80fc0977120ff325405b9a506bcdf","name":"Suporte","image":{"@type":"ImageObject","inLanguage":"en-US","@id":"https:\/\/idconsumo.pt\/#\/schema\/person\/image\/","url":"https:\/\/secure.gravatar.com\/avatar\/abf2f9792d63b98500ecda3cf0abd95611388099cf106a9250dfdebc2e118974?s=96&d=mm&r=g","contentUrl":"https:\/\/secure.gravatar.com\/avatar\/abf2f9792d63b98500ecda3cf0abd95611388099cf106a9250dfdebc2e118974?s=96&d=mm&r=g","caption":"Suporte"},"sameAs":["https:\/\/idconsumo.pt"],"url":"https:\/\/idconsumo.pt\/en\/author\/suporte\/"}]}},"_links":{"self":[{"href":"https:\/\/idconsumo.pt\/en\/wp-json\/wp\/v2\/posts\/377470","targetHints":{"allow":["GET"]}}],"collection":[{"href":"https:\/\/idconsumo.pt\/en\/wp-json\/wp\/v2\/posts"}],"about":[{"href":"https:\/\/idconsumo.pt\/en\/wp-json\/wp\/v2\/types\/post"}],"author":[{"embeddable":true,"href":"https:\/\/idconsumo.pt\/en\/wp-json\/wp\/v2\/users\/1"}],"replies":[{"embeddable":true,"href":"https:\/\/idconsumo.pt\/en\/wp-json\/wp\/v2\/comments?post=377470"}],"version-history":[{"count":3,"href":"https:\/\/idconsumo.pt\/en\/wp-json\/wp\/v2\/posts\/377470\/revisions"}],"predecessor-version":[{"id":377602,"href":"https:\/\/idconsumo.pt\/en\/wp-json\/wp\/v2\/posts\/377470\/revisions\/377602"}],"wp:attachment":[{"href":"https:\/\/idconsumo.pt\/en\/wp-json\/wp\/v2\/media?parent=377470"}],"wp:term":[{"taxonomy":"category","embeddable":true,"href":"https:\/\/idconsumo.pt\/en\/wp-json\/wp\/v2\/categories?post=377470"},{"taxonomy":"post_tag","embeddable":true,"href":"https:\/\/idconsumo.pt\/en\/wp-json\/wp\/v2\/tags?post=377470"}],"curies":[{"name":"wp","href":"https:\/\/api.w.org\/{rel}","templated":true}]}}