{"id":377461,"date":"2009-01-01T11:02:21","date_gmt":"2009-01-01T11:02:21","guid":{"rendered":"https:\/\/idconsumo.pt\/ix-curso-pos-graduado-de-aperfeicoamento-em-direito-do-consumo\/"},"modified":"2024-07-03T18:02:26","modified_gmt":"2024-07-03T18:02:26","slug":"ix-curso-pos-graduado-de-aperfeicoamento-em-direito-do-consumo","status":"publish","type":"post","link":"https:\/\/idconsumo.pt\/en\/ix-curso-pos-graduado-de-aperfeicoamento-em-direito-do-consumo\/","title":{"rendered":"IX Curso P\u00f3s-Graduado de Aperfei\u00e7oamento em Direito do Consumo<br>(2009\/2010)"},"content":{"rendered":"<p>[et_pb_section bb_built=&#8221;1&#8243; custom_padding_last_edited=&#8221;on|phone&#8221; _builder_version=&#8221;4.25.0&#8243; use_background_color_gradient=&#8221;on&#8221; background_color_gradient_stops=&#8221;rgba(30,39,78,0.7) 0%|rgba(30,39,78,0) 100%&#8221; background_color_gradient_overlays_image=&#8221;on&#8221; background_image=&#8221;https:\/\/idconsumo.pt\/wp-content\/uploads\/2024\/04\/Banner3.png&#8221; vertical_offset_tablet=&#8221;0&#8243; horizontal_offset_tablet=&#8221;0&#8243; custom_padding=&#8221;32px||193px|||&#8221; custom_padding_phone=&#8221;32px||74px||false|false&#8221; animation_style=&#8221;fade&#8221; box_shadow_horizontal_tablet=&#8221;0px&#8221; box_shadow_vertical_tablet=&#8221;0px&#8221; box_shadow_blur_tablet=&#8221;40px&#8221; box_shadow_spread_tablet=&#8221;0px&#8221; saved_tabs=&#8221;all&#8221; global_colors_info=&#8221;{}&#8221; next_background_color=&#8221;#ffffff&#8221;][\/et_pb_section][et_pb_section bb_built=&#8221;1&#8243; fullwidth=&#8221;on&#8221; _builder_version=&#8221;4.24.3&#8243; _module_preset=&#8221;default&#8221; global_colors_info=&#8221;{}&#8221; prev_background_color=&#8221;#000000&#8243; next_background_color=&#8221;#000000&#8243;][et_pb_fullwidth_post_title meta=&#8221;off&#8221; featured_image=&#8221;off&#8221; text_color=&#8221;light&#8221; _builder_version=&#8221;4.24.3&#8243; title_level=&#8221;h2&#8243; title_font=&#8221;|600||on|||||&#8221; title_text_color=&#8221;#1E274E&#8221; title_font_size=&#8221;30px&#8221; title_line_height=&#8221;1.7em&#8221; vertical_offset_tablet=&#8221;0&#8243; horizontal_offset_tablet=&#8221;0&#8243; text_orientation=&#8221;center&#8221; custom_padding=&#8221;87px||0px||false|false&#8221; title_font_size_tablet=&#8221;30px&#8221; title_font_size_phone=&#8221;18px&#8221; title_font_size_last_edited=&#8221;on|phone&#8221; z_index_tablet=&#8221;0&#8243; title_text_shadow_horizontal_length_tablet=&#8221;0px&#8221; title_text_shadow_vertical_length_tablet=&#8221;0px&#8221; title_text_shadow_blur_strength_tablet=&#8221;1px&#8221; meta_text_shadow_horizontal_length_tablet=&#8221;0px&#8221; meta_text_shadow_vertical_length_tablet=&#8221;0px&#8221; meta_text_shadow_blur_strength_tablet=&#8221;1px&#8221; box_shadow_horizontal_tablet=&#8221;0px&#8221; box_shadow_vertical_tablet=&#8221;0px&#8221; box_shadow_blur_tablet=&#8221;40px&#8221; box_shadow_spread_tablet=&#8221;0px&#8221; text_shadow_horizontal_length_tablet=&#8221;0px&#8221; text_shadow_vertical_length_tablet=&#8221;0px&#8221; text_shadow_blur_strength_tablet=&#8221;1px&#8221; global_colors_info=&#8221;{}&#8221;]<\/p>\n<p><\/p>\n<p>[\/et_pb_fullwidth_post_title][\/et_pb_section][et_pb_section bb_built=&#8221;1&#8243; _builder_version=&#8221;4.16&#8243; custom_padding=&#8221;0px|||||&#8221; global_colors_info=&#8221;{}&#8221; prev_background_color=&#8221;#000000&#8243; next_background_color=&#8221;#000000&#8243;][et_pb_row _builder_version=&#8221;4.25.1&#8243; background_size=&#8221;initial&#8221; background_position=&#8221;top_left&#8221; background_repeat=&#8221;repeat&#8221; module_alignment=&#8221;center&#8221; custom_padding=&#8221;0px|||||&#8221; hover_enabled=&#8221;0&#8243; global_colors_info=&#8221;{}&#8221; max_width=&#8221;100%&#8221; sticky_enabled=&#8221;0&#8243;][et_pb_column type=&#8221;4_4&#8243; _builder_version=&#8221;4.16&#8243; custom_padding=&#8221;|||&#8221; global_colors_info=&#8221;{}&#8221; custom_padding__hover=&#8221;|||&#8221;][et_pb_text _builder_version=&#8221;4.25.1&#8243; text_text_color=&#8221;#1E274E&#8221; header_text_color=&#8221;#1E274E&#8221; background_size=&#8221;initial&#8221; background_position=&#8221;top_left&#8221; background_repeat=&#8221;repeat&#8221; hover_enabled=&#8221;0&#8243; global_colors_info=&#8221;{}&#8221; sticky_enabled=&#8221;0&#8243;]<\/p>\n<p style=\"text-align: center;\"><strong>Regula\u00e7\u00e3o e Defesa \u00a0do Consumo<\/strong><\/p>\n<p style=\"text-align: center;\">Coordenadora: Prof. Doutora Adelaide Menezes Leit\u00e3o<br \/>(Vice-Presidente do Instituto de Direito do Consumo)<br \/>Organiza\u00e7\u00e3o: Instituto de Direito do Consumo<br \/>Ano lectivo 2009\/2010<\/p>\n<p style=\"text-align: justify;\"><strong><\/strong><\/p>\n<p style=\"text-align: center;\"><strong>M\u00f3dulo 1 &#8211; Direitos Colectivos dos Consumidores e Utentes <\/strong><\/p>\n<p style=\"text-align: center;\">Constitui\u00e7\u00e3o, Direitos Colectivos dos Consumidores e Associa\u00e7\u00f5es de Defesa dos Consumidores \u2013 Professor Doutor Jorge Miranda (Professor da Faculdade de Direito da Universidade de Lisboa) 19.10.2009<\/p>\n<p style=\"text-align: center;\">Direito Comunit\u00e1rio, Mercado interno, a Comiss\u00e3o Europeia como regulador \u2013 Professora Doutora Maria Jos\u00e9 Rangel Mesquita (Professora da Universidade de Direito da Universidade de Lisboa) 21.10.2009<\/p>\n<p style=\"text-align: center;\">Concorr\u00eancia, Autoridade da Concorr\u00eancia e Protec\u00e7\u00e3o do Consumidores \u2013 Mestre Fernando Xarepe Silveiro (Assistente da Faculdade de Direito da Universidade de Lisboa e Sub-Director do Departamento Jur\u00eddico e do Contencioso da Autoridade da Concorr\u00eancia) 26.10.2009 *<\/p>\n<p style=\"text-align: center;\">Seguran\u00e7a de Bens e Servi\u00e7os e a Responsabilidade Objectiva do Produtor \u2013 Professor Doutor Lu\u00eds Menezes Leit\u00e3o (Professor da Universidade de Direito da Universidade de Lisboa) 28.10.2009<\/p>\n<p style=\"text-align: center;\">Servi\u00e7os P\u00fablicos Essenciais \u2013 Professora Doutora Adelaide Menezes Leit\u00e3o (Professora da Universidade de Direito da Universidade de Lisboa) 2.11.2009<\/p>\n<p style=\"text-align: center;\">Sistema de Reclama\u00e7\u00f5es de Consumidores e Utentes \u2013 Dra. Ana Tapadinhas (Jurista da Deco) 4.11.2009 Seguran\u00e7a Alimentar e Econ\u00f3mica, ASAE e Protec\u00e7\u00e3o dos Consumidores \u2013 Dr. Ant\u00f3nio Nunes (Inspector-Geral da ASAE) &#8211; 09.11.2009 *<\/p>\n<p style=\"text-align: center;\">Novos Rumos do Direito do Consumo \u2013 Professor Doutor Pinto Monteiro (Professor da Faculdade de Direito da Universidade de Coimbra) 11.11.2009<\/p>\n<p style=\"text-align: center;\">Ac\u00e7\u00f5es Inibit\u00f3rias e Ac\u00e7\u00f5es colectivas no Direito do Consumo \u2013 Professor Doutor Miguel Teixeira de Sousa (Professor da Universidade de Direito da Universidade de Lisboa) 16.11.2009<\/p>\n<p style=\"text-align: center;\"><strong>M\u00f3dulo 2 &#8211; Regula\u00e7\u00e3o Sectorial e Protec\u00e7\u00e3o do Consumidores e Utentes<\/strong><\/p>\n<p style=\"text-align: center;\">Servi\u00e7os Financeiros, Banco Portugal e Protec\u00e7\u00e3o dos Consumidores \u2013 Dra. Cl\u00e1udia Madaleno (Assistente da Faculdade de Direito da Universidade de Lisboa) 18.11.2009<\/p>\n<p style=\"text-align: center;\">Valores Mobili\u00e1rios, CMVM e Protec\u00e7\u00e3o dos Consumidores \u2013 Mestre Margarida Azevedo de Almeida (Professora do Instituto de Contabilidade e Administra\u00e7\u00e3o do Porto) 23.11.2009<\/p>\n<p style=\"text-align: center;\">Telecomunica\u00e7\u00f5es, ICP-ANACOM e Protec\u00e7\u00e3o dos Consumidores \u2013 Mestre Alberto Souto Miranda (Assistente da Faculdade de Direito da Universidade de Lisboa e Vice-Presidente da Anacom) 25.11.2009<\/p>\n<p style=\"text-align: center;\">Liberaliza\u00e7\u00e3o do mercado de electricidade, ERSE e Protec\u00e7\u00e3o dos Consumidores \u2013 Mestre Hugo Ramos Alves (Assistente da Faculdade de Direito da Universidade de Lisboa) &#8211; 30.11.2009<\/p>\n<p style=\"text-align: center;\">Seguros, Instituto de Seguros de Portugal e Protec\u00e7\u00e3o dos Consumidores \u2013 Professor Doutor Pedro Romano Martinez (Professor da Universidade de Direito da Universidade de Lisboa) 2.12.2009<\/p>\n<p style=\"text-align: center;\">Comunica\u00e7\u00e3o Social, Entidade Reguladora da Comunica\u00e7\u00e3o Social e Protec\u00e7\u00e3o dos Utentes \u2013 Mestre Lu\u00eds Gon\u00e7alves da Silva (Assistente da Faculdade de Direito da Universidade de Lisboa e Vogal da Entidade Reguladora da Comunica\u00e7\u00e3o Social) \u2013 7.12.2009<\/p>\n<p style=\"text-align: center;\">Medicamento para Uso Humano e Ensaios Cl\u00ednicos, Infarmed e CEIC e a Protec\u00e7\u00e3o dos Utentes e Consumidores \u2013 Dr. Jos\u00e9 Ant\u00f3nio Barros Veloso (Presidente da Comiss\u00e3o de \u00c9tica para a Investiga\u00e7\u00e3o Cl\u00ednica) \u2013 9.12.2009<\/p>\n<p style=\"text-align: center;\">Direito Penal e Contra-ordenacional do Consumo \u2013 Professor Doutor Augusto Silva Dias (Professor da Universidade de Direito da Universidade de Lisboa) 14.12.2009<\/p>\n<p style=\"text-align: center;\">Propriedade Industrial, Instituto Nacional de Propriedade Industrial e Protec\u00e7\u00e3o dos Consumidores, Mestre Teresa Maria Ferreira Pereira da Silva Garcia (Agente Oficial de Propriedade Industrial e Advogada) \u2013 16.12.2009 * convite ainda n\u00e3o confirmado<\/p>\n<p style=\"text-align: center;\"><strong>Informa\u00e7\u00f5es sobre o Curso:<\/strong><\/p>\n<p style=\"text-align: center;\">1) Destinat\u00e1rios: licenciados em Direito e \u00e1reas afins.<\/p>\n<p style=\"text-align: center;\">2) As pr\u00e9-inscri\u00e7\u00f5es decorrem at\u00e9 15 de Outubro de 2009.<\/p>\n<p style=\"text-align: center;\">3) O Curso tem in\u00edcio em Outubro de 2009 e termina em Dezembro de 2009.<\/p>\n<p style=\"text-align: center;\">4) O m\u00e9todo da lecciona\u00e7\u00e3o do curso ser\u00e1 atrav\u00e9s de aulas dialogadas e preferencialmente com recurso ao \u201cm\u00e9todo do caso\u201d.<\/p>\n<p style=\"text-align: center;\">5) Modalidades de inscri\u00e7\u00e3o: a) Curso Completo com Avalia\u00e7\u00e3o (confere certificado de P\u00f3s-Gradua\u00e7\u00e3o); b) Curso Completo sem Avalia\u00e7\u00e3o (confere certificado de presen\u00e7a); c)M\u00f3dulos (confere certificado de presen\u00e7a)<\/p>\n<p style=\"text-align: center;\">6) Cartas de aceita\u00e7\u00e3o: s\u00e3o passadas aos candidatos que as solicitarem para instruir os respectivos processos.<\/p>\n<p style=\"text-align: center;\">7) Pre\u00e7os: a) Matr\u00edcula \u2013 60,00\u20ac; b) Curso Completo com avalia\u00e7\u00e3o \u2013 500,00\u20ac (pagamento \u00fanico) ou 2 presta\u00e7\u00f5es de 250,00\u20ac; c) Curso Completo sem Avalia\u00e7\u00e3o \u2013 400,00\u20ac (pagamento \u00fanico) ou 2 presta\u00e7\u00f5es de 200,00\u20ac; d) M\u00f3dulo 1 e 2 \u2013 Inscri\u00e7\u00e3o aut\u00f3noma \u2013 200,00\u20ac cada; e) Sess\u00f5es individuais \u2013 50 \u20ac Todos estes pre\u00e7os incluem IVA \u00e0 taxa de 20%; e) 10% para advogados e advogados estagi\u00e1rios inscritos no Conselho Distrital de Lisboa da Ordem dos Advogados<\/p>\n<p style=\"text-align: center;\">8) Funcionamento: o Curso decorre, em regra, \u00e0s 2.\u00aa e 4.\u00aa feiras, das 19 h 00 m \u00e0s 20 h 00m.<\/p>\n<p style=\"text-align: center;\">9) Avalia\u00e7\u00e3o: no caso de inscri\u00e7\u00e3o em Curso Completo com Avalia\u00e7\u00e3o, \u00e9 solicitado ao discente, durante o Curso, duas anota\u00e7\u00f5es jurisprudenciais sobre alguns dos temas leccionados; no final do Curso o discente tem de apresentar um trabalho escrito, sobre um tema \u00e0 sua escolha, que ser\u00e1 objecto de discuss\u00e3o oral, caso n\u00e3o obtenha nota de dispensa (12 valores).<\/p>\n<p style=\"text-align: center;\">10) Numerus clausus: 25 alunos.<\/p>\n<p style=\"text-align: center;\">11) Equival\u00eancia: A aprova\u00e7\u00e3o na P\u00f3s-Gradua\u00e7\u00e3o confere equival\u00eancia a uma disciplina optativa no Mestrado de Bolonha Profissionalizante ministrado na Faculdade de Direito de Lisboa.<\/p>\n<p style=\"text-align: center;\">12) Informa\u00e7\u00f5es: Para qualquer esclarecimento, pode contactar-se o Instituto de Direito do Consumo (idc@fd.ul.pt \/ http:\/\/www.fd.ul.pt\/Institutos\/InstitutodoDireitodoConsumo\/EventosCursos.aspx, Dra. Chandra Martins \u2013 telefone n.\u00ba 965392 128.<\/p>\n<p style=\"text-align: center;\">13) Hor\u00e1rio de funcionamento do IDC: 2.\u00aa a 5.\u00aa, das 15 h 30 \u00e0s 20 h 30; 4.\u00aa tamb\u00e9m das 10h 00 \u00e0s 13 h 00<\/p>\n<p>[\/et_pb_text][\/et_pb_column][\/et_pb_row][et_pb_row _builder_version=&#8221;4.24.3&#8243; _module_preset=&#8221;default&#8221; custom_padding=&#8221;0px|||||&#8221; global_colors_info=&#8221;{}&#8221;][et_pb_column type=&#8221;4_4&#8243; _builder_version=&#8221;4.24.3&#8243; _module_preset=&#8221;default&#8221; global_colors_info=&#8221;{}&#8221;][et_pb_button button_url=&#8221;https:\/\/idconsumo.pt\/wp-content\/uploads\/2024\/05\/9o-Curso-de-Aperfeicoamento-em-Direito-do-Consumo21_07.pdf&#8221; url_new_window=&#8221;on&#8221; button_text=&#8221;Descarregar PDF do Curso&#8221; button_alignment=&#8221;center&#8221; _builder_version=&#8221;4.25.1&#8243; _module_preset=&#8221;default&#8221; custom_button=&#8221;on&#8221; button_text_size=&#8221;18px&#8221; button_text_color=&#8221;#FFFFFF&#8221; button_bg_color=&#8221;#1E274E&#8221; button_font=&#8221;||||||||&#8221; button_icon=&#8221;&#x24;||divi||400&#8243; custom_padding=&#8221;20px|40px|20px|40px|true|true&#8221; global_colors_info=&#8221;{}&#8221;]<\/p>\n<p><\/p>\n<p>[\/et_pb_button][\/et_pb_column][\/et_pb_row][\/et_pb_section][et_pb_section bb_built=&#8221;1&#8243; admin_label=&#8221;Mozart &#8211; Home&#8221; module_id=&#8221;newsletter&#8221; module_class=&#8221;mozart_footer&#8221; _builder_version=&#8221;4.24.3&#8243; background_color=&#8221;#ffffff&#8221; custom_padding=&#8221;0px||0px|&#8221; custom_css_main_element=&#8221; overflow: hidden;&#8221; saved_tabs=&#8221;all&#8221; global_colors_info=&#8221;{}&#8221; prev_background_color=&#8221;#000000&#8243; global_module=&#8221;327893&#8243;][et_pb_row admin_label=&#8221;Mozart &#8211; Home&#8221; global_parent=&#8221;327893&#8243; column_structure=&#8221;1_2,1_2&#8243; use_custom_gutter=&#8221;on&#8221; gutter_width=&#8221;1&#8243; custom_padding_last_edited=&#8221;on|desktop&#8221; _builder_version=&#8221;4.24.3&#8243; background_color=&#8221;#1a284d&#8221; background_size=&#8221;initial&#8221; background_position=&#8221;top_left&#8221; background_repeat=&#8221;repeat&#8221; max_width=&#8221;1175px&#8221; custom_margin=&#8221;-1px|auto|-1px|auto|true|false&#8221; custom_padding=&#8221;4.1vw||4.3vw|&#8221; custom_padding_tablet=&#8221;60px||60px|&#8221; custom_css_before=&#8221; content: %22%22;|| display: block;|| position: absolute;|| background-color: #1a284d;|| height: 100%;|| width: 5000px;|| top: 0;|| left: -2000px;&#8221; custom_css_main_element=&#8221;overflow: visible !important;&#8221; use_custom_width=&#8221;on&#8221; custom_width_px=&#8221;1175px&#8221; global_colors_info=&#8221;{}&#8221;][et_pb_column type=&#8221;1_2&#8243; global_parent=&#8221;327893&#8243; _builder_version=&#8221;4.16&#8243; custom_padding=&#8221;|||&#8221; custom_padding_tablet=&#8221;|||0px&#8221; custom_padding_last_edited=&#8221;on|tablet&#8221; custom_css_main_element=&#8221; width: 38%;&#8221; global_colors_info=&#8221;{}&#8221; custom_padding__hover=&#8221;|||&#8221;][et_pb_text admin_label=&#8221;Sign Up for our Latest Deals&#8221; global_parent=&#8221;327893&#8243; _builder_version=&#8221;4.24.3&#8243; text_font=&#8221;|500||on|||||&#8221; text_text_color=&#8221;#ffffff&#8221; text_font_size=&#8221;42&#8243; text_line_height=&#8221;52&#8243; background_layout=&#8221;dark&#8221; module_alignment=&#8221;center&#8221; custom_padding=&#8221;5px|||&#8221; text_font_size_tablet=&#8221;36&#8243; text_font_size_phone=&#8221;30px&#8221; text_font_size_last_edited=&#8221;on|phone&#8221; text_line_height_tablet=&#8221;120%&#8221; text_line_height_last_edited=&#8221;on|tablet&#8221; global_colors_info=&#8221;{}&#8221;]<\/p>\n<p>Subscreva a nossa newsletter<\/p>\n<p>[\/et_pb_text][\/et_pb_column][et_pb_column type=&#8221;1_2&#8243; global_parent=&#8221;327893&#8243; _builder_version=&#8221;4.16&#8243; custom_padding=&#8221;|||&#8221; custom_padding_tablet=&#8221;|||0px&#8221; custom_padding_last_edited=&#8221;on|tablet&#8221; custom_css_main_element=&#8221; margin-bottom: 0 !important;&#8221; global_colors_info=&#8221;{}&#8221; custom_padding__hover=&#8221;|||&#8221;][et_pb_text global_parent=&#8221;327893&#8243; _builder_version=&#8221;4.25.1&#8243; _module_preset=&#8221;default&#8221; hover_enabled=&#8221;0&#8243; global_colors_info=&#8221;{}&#8221; sticky_enabled=&#8221;0&#8243;]<\/p>\n\n<div class=\"wpcf7 no-js\" id=\"wpcf7-f215060-o1\" lang=\"pt-PT\" dir=\"ltr\" data-wpcf7-id=\"215060\">\n<div class=\"screen-reader-response\"><p role=\"status\" aria-live=\"polite\" aria-atomic=\"true\"><\/p> <ul><\/ul><\/div>\n<form action=\"\/en\/wp-json\/wp\/v2\/posts\/377461#wpcf7-f215060-o1\" method=\"post\" class=\"wpcf7-form init\" aria-label=\"Formul\u00e1rio de contacto\" novalidate=\"novalidate\" data-status=\"init\">\n<fieldset class=\"hidden-fields-container\"><input type=\"hidden\" name=\"_wpcf7\" value=\"215060\" \/><input type=\"hidden\" name=\"_wpcf7_version\" value=\"6.1.1\" \/><input type=\"hidden\" name=\"_wpcf7_locale\" value=\"pt_PT\" \/><input type=\"hidden\" name=\"_wpcf7_unit_tag\" value=\"wpcf7-f215060-o1\" \/><input type=\"hidden\" name=\"_wpcf7_container_post\" value=\"0\" \/><input type=\"hidden\" name=\"_wpcf7_posted_data_hash\" value=\"\" \/><input type=\"hidden\" name=\"_wpcf7_recaptcha_response\" value=\"\" \/>\n<\/fieldset>\n<p><label><span class=\"wpcf7-form-control-wrap\" data-name=\"email-142\"><input size=\"40\" maxlength=\"400\" class=\"wpcf7-form-control wpcf7-email wpcf7-validates-as-required wpcf7-text wpcf7-validates-as-email\" aria-required=\"true\" aria-invalid=\"false\" placeholder=\"O Seu E-mail*\" value=\"\" type=\"email\" name=\"email-142\" \/><\/span><\/label>\n<\/p>\n<p><input class=\"wpcf7-form-control wpcf7-submit has-spinner\" type=\"submit\" value=\"Enviar\" \/>\n<\/p><div class=\"wpcf7-response-output\" aria-hidden=\"true\"><\/div>\n<\/form>\n<\/div>\n\n<p>[\/et_pb_text][\/et_pb_column][\/et_pb_row][\/et_pb_section]<\/p>\n","protected":false},"excerpt":{"rendered":"<p>Regula\u00e7\u00e3o e Defesa \u00a0do Consumo Coordenadora: Prof. Doutora Adelaide Menezes Leit\u00e3o(Vice-Presidente do Instituto de Direito do Consumo)Organiza\u00e7\u00e3o: Instituto de Direito do ConsumoAno lectivo 2009\/2010 M\u00f3dulo 1 &#8211; Direitos Colectivos dos Consumidores e Utentes Constitui\u00e7\u00e3o, Direitos Colectivos dos Consumidores e Associa\u00e7\u00f5es de Defesa dos Consumidores \u2013 Professor Doutor Jorge Miranda (Professor da Faculdade de Direito da [&hellip;]<\/p>\n","protected":false},"author":1,"featured_media":0,"comment_status":"closed","ping_status":"closed","sticky":false,"template":"","format":"standard","meta":{"_et_pb_use_builder":"on","_et_pb_old_content":"<!-- wp:paragraph -->\r\n<h4><strong>Jurisprud\u00eancia Selecionada (Direito Individual) \u2013 Colet\u00e2nea de Jurisprud\u00eancia \u2013 #1<\/strong><\/h4>\r\n<p>Pedro Romano Martinez<br \/>Lu\u00eds Gon\u00e7alves da Silva<br \/>Cl\u00e1udia Madaleno<br \/>Sara Leit\u00e3o<\/p>\r\n<p>Ano: 2021<\/p>\r\n<p><em>O Instituto de Direito do Trabalho da Faculdade de Direito da Universidade de Lisboa (IDT), que tem contribu\u00eddo, de forma consistente, para o desenvolvimento e divulga\u00e7\u00e3o da ci\u00eancia do Direito do Trabalho e da Seguran\u00e7a Social, d\u00e1 agora mais um passo com a publica\u00e7\u00e3o da Jurisprud\u00eancia Seleccionada.<\/em><\/p>\r\n<p><em>Esta obra integra a nova linha de publica\u00e7\u00f5es do IDT, de acesso digital e gratuito, iniciada com a Revista Internacional de Direito do Trabalho , \u00e0 qual se seguiu a publica\u00e7\u00e3o, em ebook, de duas disserta\u00e7\u00f5es de mestrado: Do Local de Trabalho, de Pedro Madeira de Brito, e Portaria de Extens\u00e3o: Contributo para o seu Estudo, de Lu\u00eds Gon\u00e7alves da Silva.<\/em><\/p>\r\n<!-- \/wp:paragraph -->","_et_gb_content_width":"","footnotes":""},"categories":[27],"tags":[],"class_list":["post-377461","post","type-post","status-publish","format-standard","hentry","category-cursos-anteriores-en"],"yoast_head":"<!-- This site is optimized with the Yoast SEO plugin v25.9 - https:\/\/yoast.com\/wordpress\/plugins\/seo\/ -->\n<title>IX Curso P\u00f3s-Graduado de Aperfei\u00e7oamento em Direito do Consumo(2009\/2010) - idconsumo.pt<\/title>\n<meta name=\"robots\" content=\"index, follow, max-snippet:-1, max-image-preview:large, max-video-preview:-1\" \/>\n<link rel=\"canonical\" href=\"https:\/\/idconsumo.pt\/en\/ix-curso-pos-graduado-de-aperfeicoamento-em-direito-do-consumo\/\" \/>\n<meta property=\"og:locale\" content=\"en_US\" \/>\n<meta property=\"og:type\" content=\"article\" \/>\n<meta property=\"og:title\" content=\"IX Curso P\u00f3s-Graduado de Aperfei\u00e7oamento em Direito do Consumo(2009\/2010) - idconsumo.pt\" \/>\n<meta property=\"og:description\" content=\"Regula\u00e7\u00e3o e Defesa \u00a0do Consumo Coordenadora: Prof. Doutora Adelaide Menezes Leit\u00e3o(Vice-Presidente do Instituto de Direito do Consumo)Organiza\u00e7\u00e3o: Instituto de Direito do ConsumoAno lectivo 2009\/2010 M\u00f3dulo 1 - Direitos Colectivos dos Consumidores e Utentes Constitui\u00e7\u00e3o, Direitos Colectivos dos Consumidores e Associa\u00e7\u00f5es de Defesa dos Consumidores \u2013 Professor Doutor Jorge Miranda (Professor da Faculdade de Direito da [&hellip;]\" \/>\n<meta property=\"og:url\" content=\"https:\/\/idconsumo.pt\/en\/ix-curso-pos-graduado-de-aperfeicoamento-em-direito-do-consumo\/\" \/>\n<meta property=\"og:site_name\" content=\"idconsumo.pt\" \/>\n<meta property=\"article:published_time\" content=\"2009-01-01T11:02:21+00:00\" \/>\n<meta property=\"article:modified_time\" content=\"2024-07-03T18:02:26+00:00\" \/>\n<meta name=\"author\" content=\"Suporte\" \/>\n<meta name=\"twitter:card\" content=\"summary_large_image\" \/>\n<meta name=\"twitter:label1\" content=\"Written by\" \/>\n\t<meta name=\"twitter:data1\" content=\"Suporte\" \/>\n\t<meta name=\"twitter:label2\" content=\"Est. reading time\" \/>\n\t<meta name=\"twitter:data2\" content=\"8 minutes\" \/>\n<script type=\"application\/ld+json\" class=\"yoast-schema-graph\">{\"@context\":\"https:\/\/schema.org\",\"@graph\":[{\"@type\":\"WebPage\",\"@id\":\"https:\/\/idconsumo.pt\/en\/ix-curso-pos-graduado-de-aperfeicoamento-em-direito-do-consumo\/\",\"url\":\"https:\/\/idconsumo.pt\/en\/ix-curso-pos-graduado-de-aperfeicoamento-em-direito-do-consumo\/\",\"name\":\"IX Curso P\u00f3s-Graduado de Aperfei\u00e7oamento em Direito do Consumo (2009\/2010) - idconsumo.pt\",\"isPartOf\":{\"@id\":\"https:\/\/idconsumo.pt\/#website\"},\"datePublished\":\"2009-01-01T11:02:21+00:00\",\"dateModified\":\"2024-07-03T18:02:26+00:00\",\"author\":{\"@id\":\"https:\/\/idconsumo.pt\/#\/schema\/person\/63f80fc0977120ff325405b9a506bcdf\"},\"breadcrumb\":{\"@id\":\"https:\/\/idconsumo.pt\/en\/ix-curso-pos-graduado-de-aperfeicoamento-em-direito-do-consumo\/#breadcrumb\"},\"inLanguage\":\"en-US\",\"potentialAction\":[{\"@type\":\"ReadAction\",\"target\":[\"https:\/\/idconsumo.pt\/en\/ix-curso-pos-graduado-de-aperfeicoamento-em-direito-do-consumo\/\"]}]},{\"@type\":\"BreadcrumbList\",\"@id\":\"https:\/\/idconsumo.pt\/en\/ix-curso-pos-graduado-de-aperfeicoamento-em-direito-do-consumo\/#breadcrumb\",\"itemListElement\":[{\"@type\":\"ListItem\",\"position\":1,\"name\":\"In\u00edcio\",\"item\":\"https:\/\/idconsumo.pt\/\"},{\"@type\":\"ListItem\",\"position\":2,\"name\":\"IX Curso P\u00f3s-Graduado de Aperfei\u00e7oamento em Direito do Consumo(2009\/2010)\"}]},{\"@type\":\"WebSite\",\"@id\":\"https:\/\/idconsumo.pt\/#website\",\"url\":\"https:\/\/idconsumo.pt\/\",\"name\":\"idconsumo.pt\",\"description\":\"O IDC tem desenvolvido relevantes atividades de interesse geral no \u00e2mbito da investiga\u00e7\u00e3o, ensino e divulga\u00e7\u00e3o do Direito do Consumo.\",\"potentialAction\":[{\"@type\":\"SearchAction\",\"target\":{\"@type\":\"EntryPoint\",\"urlTemplate\":\"https:\/\/idconsumo.pt\/?s={search_term_string}\"},\"query-input\":{\"@type\":\"PropertyValueSpecification\",\"valueRequired\":true,\"valueName\":\"search_term_string\"}}],\"inLanguage\":\"en-US\"},{\"@type\":\"Person\",\"@id\":\"https:\/\/idconsumo.pt\/#\/schema\/person\/63f80fc0977120ff325405b9a506bcdf\",\"name\":\"Suporte\",\"image\":{\"@type\":\"ImageObject\",\"inLanguage\":\"en-US\",\"@id\":\"https:\/\/idconsumo.pt\/#\/schema\/person\/image\/\",\"url\":\"https:\/\/secure.gravatar.com\/avatar\/abf2f9792d63b98500ecda3cf0abd95611388099cf106a9250dfdebc2e118974?s=96&d=mm&r=g\",\"contentUrl\":\"https:\/\/secure.gravatar.com\/avatar\/abf2f9792d63b98500ecda3cf0abd95611388099cf106a9250dfdebc2e118974?s=96&d=mm&r=g\",\"caption\":\"Suporte\"},\"sameAs\":[\"https:\/\/idconsumo.pt\"],\"url\":\"https:\/\/idconsumo.pt\/en\/author\/suporte\/\"}]}<\/script>\n<!-- \/ Yoast SEO plugin. -->","yoast_head_json":{"title":"IX Curso P\u00f3s-Graduado de Aperfei\u00e7oamento em Direito do Consumo(2009\/2010) - idconsumo.pt","robots":{"index":"index","follow":"follow","max-snippet":"max-snippet:-1","max-image-preview":"max-image-preview:large","max-video-preview":"max-video-preview:-1"},"canonical":"https:\/\/idconsumo.pt\/en\/ix-curso-pos-graduado-de-aperfeicoamento-em-direito-do-consumo\/","og_locale":"en_US","og_type":"article","og_title":"IX Curso P\u00f3s-Graduado de Aperfei\u00e7oamento em Direito do Consumo(2009\/2010) - idconsumo.pt","og_description":"Regula\u00e7\u00e3o e Defesa \u00a0do Consumo Coordenadora: Prof. Doutora Adelaide Menezes Leit\u00e3o(Vice-Presidente do Instituto de Direito do Consumo)Organiza\u00e7\u00e3o: Instituto de Direito do ConsumoAno lectivo 2009\/2010 M\u00f3dulo 1 - Direitos Colectivos dos Consumidores e Utentes Constitui\u00e7\u00e3o, Direitos Colectivos dos Consumidores e Associa\u00e7\u00f5es de Defesa dos Consumidores \u2013 Professor Doutor Jorge Miranda (Professor da Faculdade de Direito da [&hellip;]","og_url":"https:\/\/idconsumo.pt\/en\/ix-curso-pos-graduado-de-aperfeicoamento-em-direito-do-consumo\/","og_site_name":"idconsumo.pt","article_published_time":"2009-01-01T11:02:21+00:00","article_modified_time":"2024-07-03T18:02:26+00:00","author":"Suporte","twitter_card":"summary_large_image","twitter_misc":{"Written by":"Suporte","Est. reading time":"8 minutes"},"schema":{"@context":"https:\/\/schema.org","@graph":[{"@type":"WebPage","@id":"https:\/\/idconsumo.pt\/en\/ix-curso-pos-graduado-de-aperfeicoamento-em-direito-do-consumo\/","url":"https:\/\/idconsumo.pt\/en\/ix-curso-pos-graduado-de-aperfeicoamento-em-direito-do-consumo\/","name":"IX Curso P\u00f3s-Graduado de Aperfei\u00e7oamento em Direito do Consumo (2009\/2010) - idconsumo.pt","isPartOf":{"@id":"https:\/\/idconsumo.pt\/#website"},"datePublished":"2009-01-01T11:02:21+00:00","dateModified":"2024-07-03T18:02:26+00:00","author":{"@id":"https:\/\/idconsumo.pt\/#\/schema\/person\/63f80fc0977120ff325405b9a506bcdf"},"breadcrumb":{"@id":"https:\/\/idconsumo.pt\/en\/ix-curso-pos-graduado-de-aperfeicoamento-em-direito-do-consumo\/#breadcrumb"},"inLanguage":"en-US","potentialAction":[{"@type":"ReadAction","target":["https:\/\/idconsumo.pt\/en\/ix-curso-pos-graduado-de-aperfeicoamento-em-direito-do-consumo\/"]}]},{"@type":"BreadcrumbList","@id":"https:\/\/idconsumo.pt\/en\/ix-curso-pos-graduado-de-aperfeicoamento-em-direito-do-consumo\/#breadcrumb","itemListElement":[{"@type":"ListItem","position":1,"name":"In\u00edcio","item":"https:\/\/idconsumo.pt\/"},{"@type":"ListItem","position":2,"name":"IX Curso P\u00f3s-Graduado de Aperfei\u00e7oamento em Direito do Consumo(2009\/2010)"}]},{"@type":"WebSite","@id":"https:\/\/idconsumo.pt\/#website","url":"https:\/\/idconsumo.pt\/","name":"idconsumo.pt","description":"O IDC tem desenvolvido relevantes atividades de interesse geral no \u00e2mbito da investiga\u00e7\u00e3o, ensino e divulga\u00e7\u00e3o do Direito do Consumo.","potentialAction":[{"@type":"SearchAction","target":{"@type":"EntryPoint","urlTemplate":"https:\/\/idconsumo.pt\/?s={search_term_string}"},"query-input":{"@type":"PropertyValueSpecification","valueRequired":true,"valueName":"search_term_string"}}],"inLanguage":"en-US"},{"@type":"Person","@id":"https:\/\/idconsumo.pt\/#\/schema\/person\/63f80fc0977120ff325405b9a506bcdf","name":"Suporte","image":{"@type":"ImageObject","inLanguage":"en-US","@id":"https:\/\/idconsumo.pt\/#\/schema\/person\/image\/","url":"https:\/\/secure.gravatar.com\/avatar\/abf2f9792d63b98500ecda3cf0abd95611388099cf106a9250dfdebc2e118974?s=96&d=mm&r=g","contentUrl":"https:\/\/secure.gravatar.com\/avatar\/abf2f9792d63b98500ecda3cf0abd95611388099cf106a9250dfdebc2e118974?s=96&d=mm&r=g","caption":"Suporte"},"sameAs":["https:\/\/idconsumo.pt"],"url":"https:\/\/idconsumo.pt\/en\/author\/suporte\/"}]}},"_links":{"self":[{"href":"https:\/\/idconsumo.pt\/en\/wp-json\/wp\/v2\/posts\/377461","targetHints":{"allow":["GET"]}}],"collection":[{"href":"https:\/\/idconsumo.pt\/en\/wp-json\/wp\/v2\/posts"}],"about":[{"href":"https:\/\/idconsumo.pt\/en\/wp-json\/wp\/v2\/types\/post"}],"author":[{"embeddable":true,"href":"https:\/\/idconsumo.pt\/en\/wp-json\/wp\/v2\/users\/1"}],"replies":[{"embeddable":true,"href":"https:\/\/idconsumo.pt\/en\/wp-json\/wp\/v2\/comments?post=377461"}],"version-history":[{"count":3,"href":"https:\/\/idconsumo.pt\/en\/wp-json\/wp\/v2\/posts\/377461\/revisions"}],"predecessor-version":[{"id":377573,"href":"https:\/\/idconsumo.pt\/en\/wp-json\/wp\/v2\/posts\/377461\/revisions\/377573"}],"wp:attachment":[{"href":"https:\/\/idconsumo.pt\/en\/wp-json\/wp\/v2\/media?parent=377461"}],"wp:term":[{"taxonomy":"category","embeddable":true,"href":"https:\/\/idconsumo.pt\/en\/wp-json\/wp\/v2\/categories?post=377461"},{"taxonomy":"post_tag","embeddable":true,"href":"https:\/\/idconsumo.pt\/en\/wp-json\/wp\/v2\/tags?post=377461"}],"curies":[{"name":"wp","href":"https:\/\/api.w.org\/{rel}","templated":true}]}}