{"id":377418,"date":"2024-05-20T16:19:22","date_gmt":"2024-05-20T16:19:22","guid":{"rendered":"https:\/\/idconsumo.pt\/xx-curso-de-pos-graduacao-iv-curso-de-pos-graduacao-em-e-commerce-direito-do-comercio-electronico-ano-lectivo-2021-2022\/"},"modified":"2024-07-03T18:05:04","modified_gmt":"2024-07-03T18:05:04","slug":"xx-curso-de-pos-graduacao-iv-curso-de-pos-graduacao-em-e-commerce-direito-do-comercio-electronico-ano-lectivo-2021-2022","status":"publish","type":"post","link":"https:\/\/idconsumo.pt\/en\/xx-curso-de-pos-graduacao-iv-curso-de-pos-graduacao-em-e-commerce-direito-do-comercio-electronico-ano-lectivo-2021-2022\/","title":{"rendered":"XX Curso de P\u00f3s-gradua\u00e7\u00e3o IV Curso de P\u00f3s-Gradua\u00e7\u00e3o em E-Commerce (Direito do Com\u00e9rcio Electr\u00f3nico) <br>(2021\/2022)"},"content":{"rendered":"<p>[et_pb_section bb_built=&#8221;1&#8243; custom_padding_last_edited=&#8221;on|phone&#8221; _builder_version=&#8221;4.25.1&#8243; background_image=&#8221;https:\/\/idconsumo.pt\/wp-content\/uploads\/2024\/05\/banner2.png&#8221; vertical_offset_tablet=&#8221;0&#8243; horizontal_offset_tablet=&#8221;0&#8243; custom_padding=&#8221;32px||470px|||&#8221; custom_padding_tablet=&#8221;32px||410px|||&#8221; custom_padding_phone=&#8221;32px||74px||false|false&#8221; animation_style=&#8221;fade&#8221; box_shadow_horizontal_tablet=&#8221;0px&#8221; box_shadow_vertical_tablet=&#8221;0px&#8221; box_shadow_blur_tablet=&#8221;40px&#8221; box_shadow_spread_tablet=&#8221;0px&#8221; saved_tabs=&#8221;all&#8221; global_colors_info=&#8221;{}&#8221; next_background_color=&#8221;#ffffff&#8221;][\/et_pb_section][et_pb_section bb_built=&#8221;1&#8243; fullwidth=&#8221;on&#8221; _builder_version=&#8221;4.24.3&#8243; _module_preset=&#8221;default&#8221; global_colors_info=&#8221;{}&#8221; prev_background_color=&#8221;#000000&#8243; next_background_color=&#8221;#000000&#8243;][et_pb_fullwidth_post_title meta=&#8221;off&#8221; featured_image=&#8221;off&#8221; text_color=&#8221;light&#8221; _builder_version=&#8221;4.24.3&#8243; title_level=&#8221;h2&#8243; title_font=&#8221;|600||on|||||&#8221; title_text_color=&#8221;#1E274E&#8221; title_font_size=&#8221;30px&#8221; title_line_height=&#8221;1.7em&#8221; vertical_offset_tablet=&#8221;0&#8243; horizontal_offset_tablet=&#8221;0&#8243; text_orientation=&#8221;center&#8221; custom_padding=&#8221;87px||0px||false|false&#8221; title_font_size_tablet=&#8221;30px&#8221; title_font_size_phone=&#8221;18px&#8221; title_font_size_last_edited=&#8221;on|phone&#8221; z_index_tablet=&#8221;0&#8243; title_text_shadow_horizontal_length_tablet=&#8221;0px&#8221; title_text_shadow_vertical_length_tablet=&#8221;0px&#8221; title_text_shadow_blur_strength_tablet=&#8221;1px&#8221; meta_text_shadow_horizontal_length_tablet=&#8221;0px&#8221; meta_text_shadow_vertical_length_tablet=&#8221;0px&#8221; meta_text_shadow_blur_strength_tablet=&#8221;1px&#8221; box_shadow_horizontal_tablet=&#8221;0px&#8221; box_shadow_vertical_tablet=&#8221;0px&#8221; box_shadow_blur_tablet=&#8221;40px&#8221; box_shadow_spread_tablet=&#8221;0px&#8221; text_shadow_horizontal_length_tablet=&#8221;0px&#8221; text_shadow_vertical_length_tablet=&#8221;0px&#8221; text_shadow_blur_strength_tablet=&#8221;1px&#8221; global_colors_info=&#8221;{}&#8221;]<\/p>\n<p><\/p>\n<p>[\/et_pb_fullwidth_post_title][\/et_pb_section][et_pb_section bb_built=&#8221;1&#8243; _builder_version=&#8221;4.16&#8243; custom_padding=&#8221;0px|||||&#8221; global_colors_info=&#8221;{}&#8221; prev_background_color=&#8221;#000000&#8243; next_background_color=&#8221;#000000&#8243;][et_pb_row _builder_version=&#8221;4.25.1&#8243; background_size=&#8221;initial&#8221; background_position=&#8221;top_left&#8221; background_repeat=&#8221;repeat&#8221; max_width=&#8221;100%&#8221; module_alignment=&#8221;center&#8221; custom_padding=&#8221;0px|||||&#8221; global_colors_info=&#8221;{}&#8221;][et_pb_column type=&#8221;4_4&#8243; _builder_version=&#8221;4.16&#8243; custom_padding=&#8221;|||&#8221; global_colors_info=&#8221;{}&#8221; custom_padding__hover=&#8221;|||&#8221;][et_pb_text _builder_version=&#8221;4.25.1&#8243; text_text_color=&#8221;#1E274E&#8221; header_text_color=&#8221;#1E274E&#8221; background_size=&#8221;initial&#8221; background_position=&#8221;top_left&#8221; background_repeat=&#8221;repeat&#8221; global_colors_info=&#8221;{}&#8221;]<\/p>\n<p style=\"text-align: center;\"><strong>Coordena\u00e7\u00e3o Cient\u00edfica e Executiva<\/strong><\/p>\n<p style=\"text-align: center;\">Professores Doutores Rui Paulo Coutinho de Mascarenhas Ata\u00edde\/Ant\u00f3nio Barreto<br \/>Menezes Cordeiro\/Francisco Rodrigues Rocha<br \/>In\u00edcio: 24 de Janeiro de 2022<br \/>Fim: 5 de Julho de 2022<br \/>Curso \u00e0s segundas-feiras (excepto onde assinalado), 18h30-21h<\/p>\n<p style=\"text-align: center;\"><strong>Programa<\/strong><\/p>\n<p style=\"text-align: center;\"><strong>M\u00f3dulo I \u2013 Introdu\u00e7\u00e3o<\/strong><\/p>\n<p style=\"text-align: center;\">1. Internet: funcionamento e governa\u00e7\u00e3o \u2013 Prof. Doutor Jo\u00e3o Gomes de Almeida 24.1.2022, 2.\u00aa feira<\/p>\n<p style=\"text-align: center;\">2. Direito da Uni\u00e3o Europeia e com\u00e9rcio electr\u00f3nico \u2013 o Digital Services Act e o Digital Markets Act\u2013 Prof. Doutor Diogo Pereira Duarte 24.1.2022, 2.\u00aa feira<\/p>\n<p style=\"text-align: center;\">3. O Direito portugu\u00eas dos Digital Services. Caracteriza\u00e7\u00e3o e fontes \u2013 Prof. Doutor Jorge Morais Carvalho 31.1.2022, 2.\u00aa feira<\/p>\n<p style=\"text-align: center;\">4. A protec\u00e7\u00e3o dos direitos de personalidade na Era Digital \u2013 Prof. Doutor Diogo Costa Gon\u00e7alves 31.1.2022, 2.\u00aa feira<\/p>\n<p style=\"text-align: center;\">5. A Internet das coisas \u2013 Dr. Jo\u00e3o Freire de Andrade 7.2.2022, 2.\u00aa feira<\/p>\n<p style=\"text-align: center;\">6. A supervis\u00e3o do com\u00e9rcio electr\u00f3nico \u2013 Prof. Doutora Raquel Alexandra Brizida Castro 7.2.2028, 2.\u00aa feira<\/p>\n<p style=\"text-align: center;\">7. Problemas de Direito da Concorr\u00eancia \u2013 Dr. Virg\u00edlio Mouta Pereira 14.2.2022, 2.\u00aa feira<\/p>\n<p style=\"text-align: center;\"><strong>M\u00f3dulo II \u2013 Protec\u00e7\u00e3o de dados pessoais online<\/strong><\/p>\n<p style=\"text-align: center;\">8. Tratamento de dados pessoais. A Internet e a Big Data Analysis \u2013 Dra. Ana Alves Leal 14.2.2022, 2.\u00aa feira<\/p>\n<p style=\"text-align: center;\">9. Consentimento e sua revoga\u00e7\u00e3o \u2013 Prof. Doutor A. Barreto Menezes Cordeiro 21.2.2022, 2.\u00aa feira<\/p>\n<p style=\"text-align: center;\">10. Testemunhos de conex\u00e3o (cookies) \u2013 Prof. Doutor Lu\u00eds Menezes Leit\u00e3o 21.2.2022, 2.\u00aa feira<\/p>\n<p style=\"text-align: center;\">11. Direito ao esquecimento \u2013 Dr. Jo\u00e3o Gabriel 7.3.2022, 2.\u00aa feira<\/p>\n<p style=\"text-align: center;\">12. Aliena\u00e7\u00e3o e portabilidade \u2013 Mestre V\u00edtor Fidalgo 7.3.2022, 2.\u00aa feira<\/p>\n<p style=\"text-align: center;\">13. Privacidade by default e by design \u2013 Dra. Filipa Igl\u00e9sias 14.3.2022, 2.\u00aa feira M\u00f3dulo III \u2013 Com\u00e9rcio online<\/p>\n<p style=\"text-align: center;\">14. Direito aplic\u00e1vel aos contratos online e o tribunal competente &#8211; Prof. Doutor Nuno\u00a0 Andrade Pissarra 14.3.2022, 2.\u00aa feira<\/p>\n<p style=\"text-align: center;\">15. Contrata\u00e7\u00e3o online (B2C e B2B) &#8211; Prof. Doutor David Oliveira Festas 21.3.2022, 2.\u00aa feira<\/p>\n<p style=\"text-align: center;\">16. &#8220;Contratos inteligentes&#8221; (smart contracts) &#8211; Dra. Cl\u00e1udia Raposo Correia 21.3.2022, 2.\u00aa feira<\/p>\n<p style=\"text-align: center;\">17. E-Marketplaces \u2013 Dr. Jo\u00e3o Pinto Ramos 28.3.2022, 2.\u00aa feira<\/p>\n<p style=\"text-align: center;\">18. Os direitos dos consumidores no mercado digital \u2013 Prof. Doutora Elsa Dias Oliveira 28.3.2022, 2.\u00aa feira<\/p>\n<p style=\"text-align: center;\">19. Direito de livre desvincula\u00e7\u00e3o do consumidor \u2013 Mestre Carlos Lacerda Barata 4.4.2022, 2.\u00aa feira<\/p>\n<p style=\"text-align: center;\">20. Fornecimento e presta\u00e7\u00e3o de conte\u00fados e servi\u00e7os digitais \u2013 Prof. Doutor Francisco Rodrigues Rocha 4.4.2022, 2.\u00aa feira<\/p>\n<p style=\"text-align: center;\">21. Actualiza\u00e7\u00f5es e altera\u00e7\u00f5es aos conte\u00fados ou servi\u00e7os digitais \u2013 Dra. Ana Alves Leal, 19.4.2022, 2.\u00aa feira<\/p>\n<p style=\"text-align: center;\">22. Publicidade online. Correio electr\u00f3nico n\u00e3o solicitado (spam) &#8211; Prof. Doutor Lu\u00eds Menezes Leit\u00e3o 19.4.2022, 3.\u00aa feira (por causa da P\u00e1scoa)<\/p>\n<p style=\"text-align: center;\">23. Documento electr\u00f3nico \u2013 Dr. Pedro Lacerda 26.4.2022, 3.\u00aa feira<\/p>\n<p style=\"text-align: center;\">24. Tributa\u00e7\u00e3o do com\u00e9rcio electr\u00f3nico. O Sistema de Balc\u00e3o \u00danico (One-Stop-Shop) \u2013 Prof. Doutor Gustavo Courinha 26.4.2022, 3.\u00aa feira (por causa do 25 de Abril)<\/p>\n<p style=\"text-align: center;\">25. Media\u00e7\u00e3o de lit\u00edgios de consumo no mercado digital \u2013 Prof. Doutora Isabel Alexandre 2.5.2022, 3.\u00aa feira<\/p>\n<p style=\"text-align: center;\"><strong>M\u00f3dulo IV \u2013 Propriedade intelectual e industrial<\/strong><\/p>\n<p style=\"text-align: center;\">26. Direito internacional de autor \u2013 Prof. Doutor D\u00e1rio Moura Vicente, 2.5.2022, 2.\u00aa feira<\/p>\n<p style=\"text-align: center;\">27. Direitos de autor, direitos conexos e Internet &#8211; Prof. Doutor Jos\u00e9 Alberto Vieira 9.5.2022, 2.\u00aa feira<\/p>\n<p style=\"text-align: center;\">28. Impress\u00e3o 3D \u2013 Prof. Doutor Alberto S\u00e1 e Mello 9.5.2022, 2.\u00aa feira<\/p>\n<p style=\"text-align: center;\">29. Sinais distintivos do com\u00e9rcio e cybersquatting \u2013 Mestre Nuno Aureliano 16.5.2022, 2.\u00aa feira<\/p>\n<p style=\"text-align: center;\"><strong>M\u00f3dulo V \u2013 Sharing Economy<\/strong><\/p>\n<p style=\"text-align: center;\">30. O conceito de Sharing Economy \u2013 Prof. M\u00e1rio Frota 16.5.2022, 2.\u00aa feira<\/p>\n<p style=\"text-align: center;\">31. An\u00e1lise econ\u00f3mica \u00e0 Sharing Economy &#8211; Prof. Doutor Fernando Ara\u00fajo 23.5.2022, 2.\u00aa feira<\/p>\n<p style=\"text-align: center;\">32. Arrendamentos de curta dura\u00e7\u00e3o &#8211; Dr. Ant\u00f3nio Ramalho Rodrigues 23.5.2022, 2.\u00aa feira<\/p>\n<p style=\"text-align: center;\">33. Transportation Network Companies &#8211; Dr. Ant\u00f3nio Ramalho Rodrigues 30.5.2022, 2.\u00aa feira<\/p>\n<p style=\"text-align: center;\">34. Crowdfunding e Crowdsourcing &#8211; Prof. Doutor Diogo Pereira Duarte 30.5.2022, 2.\u00aa feira<\/p>\n<p style=\"text-align: center;\">35. Cloud computing &#8211; Prof. Doutor Jos\u00e9 Alberto Vieira 6.6.2022, 2.\u00aa feira<\/p>\n<p style=\"text-align: center;\"><strong>M\u00f3dulo VI \u2013 Servi\u00e7os financeiros<\/strong><\/p>\n<p style=\"text-align: center;\">36. Contratos financeiros \u00e0 dist\u00e2ncia \u2013 Prof. Doutor Janu\u00e1rio da Costa Gomes 6.6.2022, 2.\u00aa feira<\/p>\n<p style=\"text-align: center;\">37. Recentes tend\u00eancias da Fintech: disruptivas ou colaborativas \u2013 Prof. Doutora Madalena Perestrelo de Oliveira\/ Prof. Doutora Ana Perestrelo de Oliveira 14.6.2022, 3.\u00aa feira (por causa do dia de Santo Ant\u00f3nio)<\/p>\n<p style=\"text-align: center;\">38. FinTech e RegTech \u2013 Prof. Doutor Diogo Pereira Duarte 14.6.2022, 3.\u00aa feira<\/p>\n<p style=\"text-align: center;\">39. Home Invest \u2013 Prof. Doutor Francisco Mendes Correia, 20.6.2022, 2.\u00aa feira<\/p>\n<p style=\"text-align: center;\">40. Homebanking: servi\u00e7os de pagamento electr\u00f3nicos \u2013 Prof. Doutor Francisco Mendes Correia 20.6.2022, 2.\u00aa feira<\/p>\n<p style=\"text-align: center;\">41. Moeda banc\u00e1ria, electr\u00f3nica e virtual \u2013 Dr.\u00aa Dina Teixeira 27.6.2022, 2.\u00aa feira<\/p>\n<p style=\"text-align: center;\">42. InsurTech: tend\u00eancias do mercado segurador \u2013 Prof. Doutor Jos\u00e9 Alves de Brito 27.6.2022, 2.\u00aa feira<\/p>\n<p style=\"text-align: center;\"><strong>M\u00f3dulo VII \u2013 Responsabilidade civil e criminal<\/strong><\/p>\n<p style=\"text-align: center;\">43. Responsabilidade civil dos prestadores de servi\u00e7os em rede \u2013 Prof. Doutor Hugo Ramos Alves 4.7.2022, 2.\u00aa feira<\/p>\n<p style=\"text-align: center;\">44. Responsabilidade civil das plataformas digitais \u2013 Prof. Doutora Mafalda Miranda Barbosa 4.7.2022, 2.\u00aa feira<\/p>\n<p style=\"text-align: center;\">45. Medidas inibit\u00f3rias (injunctions) contra plataformas de Internet \u2013 Mestre V\u00edtor Palmela Fidalgo, 11.7.2022, 2.\u00aa feira<\/p>\n<p style=\"text-align: center;\">46. Intelig\u00eancia artificial e responsabilidade civil \u2013 Dra. In\u00eas S\u00edtima, 11.7.2022, 2.\u00aa feira<\/p>\n<p style=\"text-align: center;\">47. Responsabilidade civil do respons\u00e1vel pelo tratamento de dados e do subcontratante \u2013 Dra. In\u00eas S\u00edtima, 18.7.2022, 2.\u00aa feira<\/p>\n<p style=\"text-align: center;\">48. Cybercrime \u2013 Dr. David da Silva Ramalho 18.7.2022, 2.\u00aa feira<\/p>\n<p>[\/et_pb_text][\/et_pb_column][\/et_pb_row][et_pb_row _builder_version=&#8221;4.24.3&#8243; _module_preset=&#8221;default&#8221; custom_padding=&#8221;0px|||||&#8221; global_colors_info=&#8221;{}&#8221;][et_pb_column type=&#8221;4_4&#8243; _builder_version=&#8221;4.24.3&#8243; _module_preset=&#8221;default&#8221; global_colors_info=&#8221;{}&#8221;][et_pb_button button_url=&#8221;https:\/\/idconsumo.pt\/wp-content\/uploads\/2024\/05\/20o-Curso-Pos-graduado.pdf&#8221; url_new_window=&#8221;on&#8221; button_text=&#8221;Descarregar PDF do Curso&#8221; button_alignment=&#8221;center&#8221; _builder_version=&#8221;4.25.1&#8243; _module_preset=&#8221;default&#8221; custom_button=&#8221;on&#8221; button_text_size=&#8221;18px&#8221; button_text_color=&#8221;#FFFFFF&#8221; button_bg_color=&#8221;#1E274E&#8221; button_font=&#8221;||||||||&#8221; button_icon=&#8221;&#x24;||divi||400&#8243; custom_padding=&#8221;20px|40px|20px|40px|true|true&#8221; global_colors_info=&#8221;{}&#8221;]<\/p>\n<p><\/p>\n<p>[\/et_pb_button][\/et_pb_column][\/et_pb_row][\/et_pb_section][et_pb_section bb_built=&#8221;1&#8243; admin_label=&#8221;Mozart &#8211; Home&#8221; module_id=&#8221;newsletter&#8221; module_class=&#8221;mozart_footer&#8221; _builder_version=&#8221;4.24.3&#8243; background_color=&#8221;#ffffff&#8221; custom_padding=&#8221;0px||0px|&#8221; custom_css_main_element=&#8221; overflow: hidden;&#8221; saved_tabs=&#8221;all&#8221; global_colors_info=&#8221;{}&#8221; prev_background_color=&#8221;#000000&#8243; global_module=&#8221;327893&#8243;][et_pb_row admin_label=&#8221;Mozart &#8211; Home&#8221; global_parent=&#8221;327893&#8243; column_structure=&#8221;1_2,1_2&#8243; use_custom_gutter=&#8221;on&#8221; gutter_width=&#8221;1&#8243; custom_padding_last_edited=&#8221;on|desktop&#8221; _builder_version=&#8221;4.24.3&#8243; background_color=&#8221;#1a284d&#8221; background_size=&#8221;initial&#8221; background_position=&#8221;top_left&#8221; background_repeat=&#8221;repeat&#8221; max_width=&#8221;1175px&#8221; custom_margin=&#8221;-1px|auto|-1px|auto|true|false&#8221; custom_padding=&#8221;4.1vw||4.3vw|&#8221; custom_padding_tablet=&#8221;60px||60px|&#8221; custom_css_before=&#8221; content: %22%22;|| display: block;|| position: absolute;|| background-color: #1a284d;|| height: 100%;|| width: 5000px;|| top: 0;|| left: -2000px;&#8221; custom_css_main_element=&#8221;overflow: visible !important;&#8221; use_custom_width=&#8221;on&#8221; custom_width_px=&#8221;1175px&#8221; global_colors_info=&#8221;{}&#8221;][et_pb_column type=&#8221;1_2&#8243; global_parent=&#8221;327893&#8243; _builder_version=&#8221;4.16&#8243; custom_padding=&#8221;|||&#8221; custom_padding_tablet=&#8221;|||0px&#8221; custom_padding_last_edited=&#8221;on|tablet&#8221; custom_css_main_element=&#8221; width: 38%;&#8221; global_colors_info=&#8221;{}&#8221; custom_padding__hover=&#8221;|||&#8221;][et_pb_text admin_label=&#8221;Sign Up for our Latest Deals&#8221; global_parent=&#8221;327893&#8243; _builder_version=&#8221;4.24.3&#8243; text_font=&#8221;|500||on|||||&#8221; text_text_color=&#8221;#ffffff&#8221; text_font_size=&#8221;42&#8243; text_line_height=&#8221;52&#8243; background_layout=&#8221;dark&#8221; module_alignment=&#8221;center&#8221; custom_padding=&#8221;5px|||&#8221; text_font_size_tablet=&#8221;36&#8243; text_font_size_phone=&#8221;30px&#8221; text_font_size_last_edited=&#8221;on|phone&#8221; text_line_height_tablet=&#8221;120%&#8221; text_line_height_last_edited=&#8221;on|tablet&#8221; global_colors_info=&#8221;{}&#8221;]<\/p>\n<p>Subscreva a nossa newsletter<\/p>\n<p>[\/et_pb_text][\/et_pb_column][et_pb_column type=&#8221;1_2&#8243; global_parent=&#8221;327893&#8243; _builder_version=&#8221;4.16&#8243; custom_padding=&#8221;|||&#8221; custom_padding_tablet=&#8221;|||0px&#8221; custom_padding_last_edited=&#8221;on|tablet&#8221; custom_css_main_element=&#8221; margin-bottom: 0 !important;&#8221; global_colors_info=&#8221;{}&#8221; custom_padding__hover=&#8221;|||&#8221;][et_pb_text global_parent=&#8221;327893&#8243; _builder_version=&#8221;4.25.1&#8243; _module_preset=&#8221;default&#8221; hover_enabled=&#8221;0&#8243; global_colors_info=&#8221;{}&#8221; sticky_enabled=&#8221;0&#8243;]<\/p>\n\n<div class=\"wpcf7 no-js\" id=\"wpcf7-f215060-o1\" lang=\"pt-PT\" dir=\"ltr\" data-wpcf7-id=\"215060\">\n<div class=\"screen-reader-response\"><p role=\"status\" aria-live=\"polite\" aria-atomic=\"true\"><\/p> <ul><\/ul><\/div>\n<form action=\"\/en\/wp-json\/wp\/v2\/posts\/377418#wpcf7-f215060-o1\" method=\"post\" class=\"wpcf7-form init\" aria-label=\"Formul\u00e1rio de contacto\" novalidate=\"novalidate\" data-status=\"init\">\n<fieldset class=\"hidden-fields-container\"><input type=\"hidden\" name=\"_wpcf7\" value=\"215060\" \/><input type=\"hidden\" name=\"_wpcf7_version\" value=\"6.1.1\" \/><input type=\"hidden\" name=\"_wpcf7_locale\" value=\"pt_PT\" \/><input type=\"hidden\" name=\"_wpcf7_unit_tag\" value=\"wpcf7-f215060-o1\" \/><input type=\"hidden\" name=\"_wpcf7_container_post\" value=\"0\" \/><input type=\"hidden\" name=\"_wpcf7_posted_data_hash\" value=\"\" \/><input type=\"hidden\" name=\"_wpcf7_recaptcha_response\" value=\"\" \/>\n<\/fieldset>\n<p><label><span class=\"wpcf7-form-control-wrap\" data-name=\"email-142\"><input size=\"40\" maxlength=\"400\" class=\"wpcf7-form-control wpcf7-email wpcf7-validates-as-required wpcf7-text wpcf7-validates-as-email\" aria-required=\"true\" aria-invalid=\"false\" placeholder=\"O Seu E-mail*\" value=\"\" type=\"email\" name=\"email-142\" \/><\/span><\/label>\n<\/p>\n<p><input class=\"wpcf7-form-control wpcf7-submit has-spinner\" type=\"submit\" value=\"Enviar\" \/>\n<\/p><div class=\"wpcf7-response-output\" aria-hidden=\"true\"><\/div>\n<\/form>\n<\/div>\n\n<p>[\/et_pb_text][\/et_pb_column][\/et_pb_row][\/et_pb_section]<\/p>\n","protected":false},"excerpt":{"rendered":"<p>Coordena\u00e7\u00e3o Cient\u00edfica e Executiva Professores Doutores Rui Paulo Coutinho de Mascarenhas Ata\u00edde\/Ant\u00f3nio BarretoMenezes Cordeiro\/Francisco Rodrigues RochaIn\u00edcio: 24 de Janeiro de 2022Fim: 5 de Julho de 2022Curso \u00e0s segundas-feiras (excepto onde assinalado), 18h30-21h Programa M\u00f3dulo I \u2013 Introdu\u00e7\u00e3o 1. Internet: funcionamento e governa\u00e7\u00e3o \u2013 Prof. Doutor Jo\u00e3o Gomes de Almeida 24.1.2022, 2.\u00aa feira 2. Direito da [&hellip;]<\/p>\n","protected":false},"author":1,"featured_media":0,"comment_status":"closed","ping_status":"closed","sticky":false,"template":"","format":"standard","meta":{"_et_pb_use_builder":"on","_et_pb_old_content":"<!-- wp:paragraph -->\r\n<h4><strong>Jurisprud\u00eancia Selecionada (Direito Individual) \u2013 Colet\u00e2nea de Jurisprud\u00eancia \u2013 #1<\/strong><\/h4>\r\n<p>Pedro Romano Martinez<br \/>Lu\u00eds Gon\u00e7alves da Silva<br \/>Cl\u00e1udia Madaleno<br \/>Sara Leit\u00e3o<\/p>\r\n<p>Ano: 2021<\/p>\r\n<p><em>O Instituto de Direito do Trabalho da Faculdade de Direito da Universidade de Lisboa (IDT), que tem contribu\u00eddo, de forma consistente, para o desenvolvimento e divulga\u00e7\u00e3o da ci\u00eancia do Direito do Trabalho e da Seguran\u00e7a Social, d\u00e1 agora mais um passo com a publica\u00e7\u00e3o da Jurisprud\u00eancia Seleccionada.<\/em><\/p>\r\n<p><em>Esta obra integra a nova linha de publica\u00e7\u00f5es do IDT, de acesso digital e gratuito, iniciada com a Revista Internacional de Direito do Trabalho , \u00e0 qual se seguiu a publica\u00e7\u00e3o, em ebook, de duas disserta\u00e7\u00f5es de mestrado: Do Local de Trabalho, de Pedro Madeira de Brito, e Portaria de Extens\u00e3o: Contributo para o seu Estudo, de Lu\u00eds Gon\u00e7alves da Silva.<\/em><\/p>\r\n<!-- \/wp:paragraph -->","_et_gb_content_width":"","footnotes":""},"categories":[27],"tags":[],"class_list":["post-377418","post","type-post","status-publish","format-standard","hentry","category-cursos-anteriores-en"],"yoast_head":"<!-- This site is optimized with the Yoast SEO plugin v25.9 - https:\/\/yoast.com\/wordpress\/plugins\/seo\/ -->\n<title>XX Curso de P\u00f3s-gradua\u00e7\u00e3o IV Curso de P\u00f3s-Gradua\u00e7\u00e3o em E-Commerce (Direito do Com\u00e9rcio Electr\u00f3nico) (2021\/2022) - idconsumo.pt<\/title>\n<meta name=\"robots\" content=\"index, follow, max-snippet:-1, max-image-preview:large, max-video-preview:-1\" \/>\n<link rel=\"canonical\" href=\"https:\/\/idconsumo.pt\/en\/xx-curso-de-pos-graduacao-iv-curso-de-pos-graduacao-em-e-commerce-direito-do-comercio-electronico-ano-lectivo-2021-2022\/\" \/>\n<meta property=\"og:locale\" content=\"en_US\" \/>\n<meta property=\"og:type\" content=\"article\" \/>\n<meta property=\"og:title\" content=\"XX Curso de P\u00f3s-gradua\u00e7\u00e3o IV Curso de P\u00f3s-Gradua\u00e7\u00e3o em E-Commerce (Direito do Com\u00e9rcio Electr\u00f3nico) (2021\/2022) - idconsumo.pt\" \/>\n<meta property=\"og:description\" content=\"Coordena\u00e7\u00e3o Cient\u00edfica e Executiva Professores Doutores Rui Paulo Coutinho de Mascarenhas Ata\u00edde\/Ant\u00f3nio BarretoMenezes Cordeiro\/Francisco Rodrigues RochaIn\u00edcio: 24 de Janeiro de 2022Fim: 5 de Julho de 2022Curso \u00e0s segundas-feiras (excepto onde assinalado), 18h30-21h Programa M\u00f3dulo I \u2013 Introdu\u00e7\u00e3o 1. Internet: funcionamento e governa\u00e7\u00e3o \u2013 Prof. Doutor Jo\u00e3o Gomes de Almeida 24.1.2022, 2.\u00aa feira 2. Direito da [&hellip;]\" \/>\n<meta property=\"og:url\" content=\"https:\/\/idconsumo.pt\/en\/xx-curso-de-pos-graduacao-iv-curso-de-pos-graduacao-em-e-commerce-direito-do-comercio-electronico-ano-lectivo-2021-2022\/\" \/>\n<meta property=\"og:site_name\" content=\"idconsumo.pt\" \/>\n<meta property=\"article:published_time\" content=\"2024-05-20T16:19:22+00:00\" \/>\n<meta property=\"article:modified_time\" content=\"2024-07-03T18:05:04+00:00\" \/>\n<meta name=\"author\" content=\"Suporte\" \/>\n<meta name=\"twitter:card\" content=\"summary_large_image\" \/>\n<meta name=\"twitter:label1\" content=\"Written by\" \/>\n\t<meta name=\"twitter:data1\" content=\"Suporte\" \/>\n\t<meta name=\"twitter:label2\" content=\"Est. reading time\" \/>\n\t<meta name=\"twitter:data2\" content=\"7 minutes\" \/>\n<script type=\"application\/ld+json\" class=\"yoast-schema-graph\">{\"@context\":\"https:\/\/schema.org\",\"@graph\":[{\"@type\":\"WebPage\",\"@id\":\"https:\/\/idconsumo.pt\/en\/xx-curso-de-pos-graduacao-iv-curso-de-pos-graduacao-em-e-commerce-direito-do-comercio-electronico-ano-lectivo-2021-2022\/\",\"url\":\"https:\/\/idconsumo.pt\/en\/xx-curso-de-pos-graduacao-iv-curso-de-pos-graduacao-em-e-commerce-direito-do-comercio-electronico-ano-lectivo-2021-2022\/\",\"name\":\"XX Curso de P\u00f3s-gradua\u00e7\u00e3o IV Curso de P\u00f3s-Gradua\u00e7\u00e3o em E-Commerce (Direito do Com\u00e9rcio Electr\u00f3nico) (2021\/2022) - idconsumo.pt\",\"isPartOf\":{\"@id\":\"https:\/\/idconsumo.pt\/#website\"},\"datePublished\":\"2024-05-20T16:19:22+00:00\",\"dateModified\":\"2024-07-03T18:05:04+00:00\",\"author\":{\"@id\":\"https:\/\/idconsumo.pt\/#\/schema\/person\/63f80fc0977120ff325405b9a506bcdf\"},\"breadcrumb\":{\"@id\":\"https:\/\/idconsumo.pt\/en\/xx-curso-de-pos-graduacao-iv-curso-de-pos-graduacao-em-e-commerce-direito-do-comercio-electronico-ano-lectivo-2021-2022\/#breadcrumb\"},\"inLanguage\":\"en-US\",\"potentialAction\":[{\"@type\":\"ReadAction\",\"target\":[\"https:\/\/idconsumo.pt\/en\/xx-curso-de-pos-graduacao-iv-curso-de-pos-graduacao-em-e-commerce-direito-do-comercio-electronico-ano-lectivo-2021-2022\/\"]}]},{\"@type\":\"BreadcrumbList\",\"@id\":\"https:\/\/idconsumo.pt\/en\/xx-curso-de-pos-graduacao-iv-curso-de-pos-graduacao-em-e-commerce-direito-do-comercio-electronico-ano-lectivo-2021-2022\/#breadcrumb\",\"itemListElement\":[{\"@type\":\"ListItem\",\"position\":1,\"name\":\"In\u00edcio\",\"item\":\"https:\/\/idconsumo.pt\/\"},{\"@type\":\"ListItem\",\"position\":2,\"name\":\"XX Curso de P\u00f3s-gradua\u00e7\u00e3o IV Curso de P\u00f3s-Gradua\u00e7\u00e3o em E-Commerce (Direito do Com\u00e9rcio Electr\u00f3nico) (2021\/2022)\"}]},{\"@type\":\"WebSite\",\"@id\":\"https:\/\/idconsumo.pt\/#website\",\"url\":\"https:\/\/idconsumo.pt\/\",\"name\":\"idconsumo.pt\",\"description\":\"O IDC tem desenvolvido relevantes atividades de interesse geral no \u00e2mbito da investiga\u00e7\u00e3o, ensino e divulga\u00e7\u00e3o do Direito do Consumo.\",\"potentialAction\":[{\"@type\":\"SearchAction\",\"target\":{\"@type\":\"EntryPoint\",\"urlTemplate\":\"https:\/\/idconsumo.pt\/?s={search_term_string}\"},\"query-input\":{\"@type\":\"PropertyValueSpecification\",\"valueRequired\":true,\"valueName\":\"search_term_string\"}}],\"inLanguage\":\"en-US\"},{\"@type\":\"Person\",\"@id\":\"https:\/\/idconsumo.pt\/#\/schema\/person\/63f80fc0977120ff325405b9a506bcdf\",\"name\":\"Suporte\",\"image\":{\"@type\":\"ImageObject\",\"inLanguage\":\"en-US\",\"@id\":\"https:\/\/idconsumo.pt\/#\/schema\/person\/image\/\",\"url\":\"https:\/\/secure.gravatar.com\/avatar\/abf2f9792d63b98500ecda3cf0abd95611388099cf106a9250dfdebc2e118974?s=96&d=mm&r=g\",\"contentUrl\":\"https:\/\/secure.gravatar.com\/avatar\/abf2f9792d63b98500ecda3cf0abd95611388099cf106a9250dfdebc2e118974?s=96&d=mm&r=g\",\"caption\":\"Suporte\"},\"sameAs\":[\"https:\/\/idconsumo.pt\"],\"url\":\"https:\/\/idconsumo.pt\/en\/author\/suporte\/\"}]}<\/script>\n<!-- \/ Yoast SEO plugin. -->","yoast_head_json":{"title":"XX Curso de P\u00f3s-gradua\u00e7\u00e3o IV Curso de P\u00f3s-Gradua\u00e7\u00e3o em E-Commerce (Direito do Com\u00e9rcio Electr\u00f3nico) (2021\/2022) - idconsumo.pt","robots":{"index":"index","follow":"follow","max-snippet":"max-snippet:-1","max-image-preview":"max-image-preview:large","max-video-preview":"max-video-preview:-1"},"canonical":"https:\/\/idconsumo.pt\/en\/xx-curso-de-pos-graduacao-iv-curso-de-pos-graduacao-em-e-commerce-direito-do-comercio-electronico-ano-lectivo-2021-2022\/","og_locale":"en_US","og_type":"article","og_title":"XX Curso de P\u00f3s-gradua\u00e7\u00e3o IV Curso de P\u00f3s-Gradua\u00e7\u00e3o em E-Commerce (Direito do Com\u00e9rcio Electr\u00f3nico) (2021\/2022) - idconsumo.pt","og_description":"Coordena\u00e7\u00e3o Cient\u00edfica e Executiva Professores Doutores Rui Paulo Coutinho de Mascarenhas Ata\u00edde\/Ant\u00f3nio BarretoMenezes Cordeiro\/Francisco Rodrigues RochaIn\u00edcio: 24 de Janeiro de 2022Fim: 5 de Julho de 2022Curso \u00e0s segundas-feiras (excepto onde assinalado), 18h30-21h Programa M\u00f3dulo I \u2013 Introdu\u00e7\u00e3o 1. Internet: funcionamento e governa\u00e7\u00e3o \u2013 Prof. Doutor Jo\u00e3o Gomes de Almeida 24.1.2022, 2.\u00aa feira 2. Direito da [&hellip;]","og_url":"https:\/\/idconsumo.pt\/en\/xx-curso-de-pos-graduacao-iv-curso-de-pos-graduacao-em-e-commerce-direito-do-comercio-electronico-ano-lectivo-2021-2022\/","og_site_name":"idconsumo.pt","article_published_time":"2024-05-20T16:19:22+00:00","article_modified_time":"2024-07-03T18:05:04+00:00","author":"Suporte","twitter_card":"summary_large_image","twitter_misc":{"Written by":"Suporte","Est. reading time":"7 minutes"},"schema":{"@context":"https:\/\/schema.org","@graph":[{"@type":"WebPage","@id":"https:\/\/idconsumo.pt\/en\/xx-curso-de-pos-graduacao-iv-curso-de-pos-graduacao-em-e-commerce-direito-do-comercio-electronico-ano-lectivo-2021-2022\/","url":"https:\/\/idconsumo.pt\/en\/xx-curso-de-pos-graduacao-iv-curso-de-pos-graduacao-em-e-commerce-direito-do-comercio-electronico-ano-lectivo-2021-2022\/","name":"XX Curso de P\u00f3s-gradua\u00e7\u00e3o IV Curso de P\u00f3s-Gradua\u00e7\u00e3o em E-Commerce (Direito do Com\u00e9rcio Electr\u00f3nico) (2021\/2022) - idconsumo.pt","isPartOf":{"@id":"https:\/\/idconsumo.pt\/#website"},"datePublished":"2024-05-20T16:19:22+00:00","dateModified":"2024-07-03T18:05:04+00:00","author":{"@id":"https:\/\/idconsumo.pt\/#\/schema\/person\/63f80fc0977120ff325405b9a506bcdf"},"breadcrumb":{"@id":"https:\/\/idconsumo.pt\/en\/xx-curso-de-pos-graduacao-iv-curso-de-pos-graduacao-em-e-commerce-direito-do-comercio-electronico-ano-lectivo-2021-2022\/#breadcrumb"},"inLanguage":"en-US","potentialAction":[{"@type":"ReadAction","target":["https:\/\/idconsumo.pt\/en\/xx-curso-de-pos-graduacao-iv-curso-de-pos-graduacao-em-e-commerce-direito-do-comercio-electronico-ano-lectivo-2021-2022\/"]}]},{"@type":"BreadcrumbList","@id":"https:\/\/idconsumo.pt\/en\/xx-curso-de-pos-graduacao-iv-curso-de-pos-graduacao-em-e-commerce-direito-do-comercio-electronico-ano-lectivo-2021-2022\/#breadcrumb","itemListElement":[{"@type":"ListItem","position":1,"name":"In\u00edcio","item":"https:\/\/idconsumo.pt\/"},{"@type":"ListItem","position":2,"name":"XX Curso de P\u00f3s-gradua\u00e7\u00e3o IV Curso de P\u00f3s-Gradua\u00e7\u00e3o em E-Commerce (Direito do Com\u00e9rcio Electr\u00f3nico) (2021\/2022)"}]},{"@type":"WebSite","@id":"https:\/\/idconsumo.pt\/#website","url":"https:\/\/idconsumo.pt\/","name":"idconsumo.pt","description":"O IDC tem desenvolvido relevantes atividades de interesse geral no \u00e2mbito da investiga\u00e7\u00e3o, ensino e divulga\u00e7\u00e3o do Direito do Consumo.","potentialAction":[{"@type":"SearchAction","target":{"@type":"EntryPoint","urlTemplate":"https:\/\/idconsumo.pt\/?s={search_term_string}"},"query-input":{"@type":"PropertyValueSpecification","valueRequired":true,"valueName":"search_term_string"}}],"inLanguage":"en-US"},{"@type":"Person","@id":"https:\/\/idconsumo.pt\/#\/schema\/person\/63f80fc0977120ff325405b9a506bcdf","name":"Suporte","image":{"@type":"ImageObject","inLanguage":"en-US","@id":"https:\/\/idconsumo.pt\/#\/schema\/person\/image\/","url":"https:\/\/secure.gravatar.com\/avatar\/abf2f9792d63b98500ecda3cf0abd95611388099cf106a9250dfdebc2e118974?s=96&d=mm&r=g","contentUrl":"https:\/\/secure.gravatar.com\/avatar\/abf2f9792d63b98500ecda3cf0abd95611388099cf106a9250dfdebc2e118974?s=96&d=mm&r=g","caption":"Suporte"},"sameAs":["https:\/\/idconsumo.pt"],"url":"https:\/\/idconsumo.pt\/en\/author\/suporte\/"}]}},"_links":{"self":[{"href":"https:\/\/idconsumo.pt\/en\/wp-json\/wp\/v2\/posts\/377418","targetHints":{"allow":["GET"]}}],"collection":[{"href":"https:\/\/idconsumo.pt\/en\/wp-json\/wp\/v2\/posts"}],"about":[{"href":"https:\/\/idconsumo.pt\/en\/wp-json\/wp\/v2\/types\/post"}],"author":[{"embeddable":true,"href":"https:\/\/idconsumo.pt\/en\/wp-json\/wp\/v2\/users\/1"}],"replies":[{"embeddable":true,"href":"https:\/\/idconsumo.pt\/en\/wp-json\/wp\/v2\/comments?post=377418"}],"version-history":[{"count":3,"href":"https:\/\/idconsumo.pt\/en\/wp-json\/wp\/v2\/posts\/377418\/revisions"}],"predecessor-version":[{"id":377574,"href":"https:\/\/idconsumo.pt\/en\/wp-json\/wp\/v2\/posts\/377418\/revisions\/377574"}],"wp:attachment":[{"href":"https:\/\/idconsumo.pt\/en\/wp-json\/wp\/v2\/media?parent=377418"}],"wp:term":[{"taxonomy":"category","embeddable":true,"href":"https:\/\/idconsumo.pt\/en\/wp-json\/wp\/v2\/categories?post=377418"},{"taxonomy":"post_tag","embeddable":true,"href":"https:\/\/idconsumo.pt\/en\/wp-json\/wp\/v2\/tags?post=377418"}],"curies":[{"name":"wp","href":"https:\/\/api.w.org\/{rel}","templated":true}]}}