{"id":377414,"date":"2024-05-22T13:25:14","date_gmt":"2024-05-22T13:25:14","guid":{"rendered":"https:\/\/idconsumo.pt\/vi-curso-de-pos-graduacao-em-digital-services-direito-dos-servicos-digitais2024\/"},"modified":"2024-09-09T09:40:56","modified_gmt":"2024-09-09T09:40:56","slug":"vi-curso-de-pos-graduacao-em-digital-services-direito-dos-servicos-digitais2024","status":"publish","type":"post","link":"https:\/\/idconsumo.pt\/en\/vi-curso-de-pos-graduacao-em-digital-services-direito-dos-servicos-digitais2024\/","title":{"rendered":"VI Curso de P\u00f3s Gradua\u00e7\u00e3o em Digital Services &#8211; Direito dos Servi\u00e7os Digitais<BR>(2023)"},"content":{"rendered":"<p>[et_pb_section fb_built=&#8221;1&#8243; custom_padding_last_edited=&#8221;on|phone&#8221; _builder_version=&#8221;4.25.1&#8243; background_image=&#8221;https:\/\/idconsumo.pt\/wp-content\/uploads\/2024\/05\/banner2.png&#8221; vertical_offset_tablet=&#8221;0&#8243; horizontal_offset_tablet=&#8221;0&#8243; custom_padding=&#8221;32px||470px|||&#8221; custom_padding_tablet=&#8221;32px||410px|||&#8221; custom_padding_phone=&#8221;32px||74px||false|false&#8221; animation_style=&#8221;fade&#8221; box_shadow_horizontal_tablet=&#8221;0px&#8221; box_shadow_vertical_tablet=&#8221;0px&#8221; box_shadow_blur_tablet=&#8221;40px&#8221; box_shadow_spread_tablet=&#8221;0px&#8221; global_module=&#8221;327680&#8243; saved_tabs=&#8221;all&#8221; global_colors_info=&#8221;{}&#8221;][\/et_pb_section][et_pb_section fb_built=&#8221;1&#8243; fullwidth=&#8221;on&#8221; _builder_version=&#8221;4.24.3&#8243; _module_preset=&#8221;default&#8221; global_colors_info=&#8221;{}&#8221;][et_pb_fullwidth_post_title meta=&#8221;off&#8221; featured_image=&#8221;off&#8221; text_color=&#8221;light&#8221; _builder_version=&#8221;4.25.1&#8243; title_level=&#8221;h2&#8243; title_font=&#8221;|600||on|||||&#8221; title_text_color=&#8221;#1E274E&#8221; title_font_size=&#8221;30px&#8221; title_line_height=&#8221;1.7em&#8221; vertical_offset_tablet=&#8221;0&#8243; horizontal_offset_tablet=&#8221;0&#8243; text_orientation=&#8221;center&#8221; custom_margin_tablet=&#8221;&#8221; custom_margin_phone=&#8221;11px||||false|false&#8221; custom_margin_last_edited=&#8221;on|phone&#8221; custom_padding=&#8221;51px||||false|false&#8221; title_font_size_tablet=&#8221;30px&#8221; title_font_size_phone=&#8221;18px&#8221; title_font_size_last_edited=&#8221;on|phone&#8221; z_index_tablet=&#8221;0&#8243; title_text_shadow_horizontal_length_tablet=&#8221;0px&#8221; title_text_shadow_vertical_length_tablet=&#8221;0px&#8221; title_text_shadow_blur_strength_tablet=&#8221;1px&#8221; meta_text_shadow_horizontal_length_tablet=&#8221;0px&#8221; meta_text_shadow_vertical_length_tablet=&#8221;0px&#8221; meta_text_shadow_blur_strength_tablet=&#8221;1px&#8221; box_shadow_horizontal_tablet=&#8221;0px&#8221; box_shadow_vertical_tablet=&#8221;0px&#8221; box_shadow_blur_tablet=&#8221;40px&#8221; box_shadow_spread_tablet=&#8221;0px&#8221; text_shadow_horizontal_length_tablet=&#8221;0px&#8221; text_shadow_vertical_length_tablet=&#8221;0px&#8221; text_shadow_blur_strength_tablet=&#8221;1px&#8221; global_colors_info=&#8221;{}&#8221;]<\/p>\n<p>[\/et_pb_fullwidth_post_title][\/et_pb_section][et_pb_section fb_built=&#8221;1&#8243; _builder_version=&#8221;4.24.3&#8243; _module_preset=&#8221;default&#8221; custom_padding=&#8221;0px||0px|||&#8221; global_colors_info=&#8221;{}&#8221;][et_pb_row _builder_version=&#8221;4.25.1&#8243; _module_preset=&#8221;default&#8221; hover_enabled=&#8221;0&#8243; global_colors_info=&#8221;{}&#8221; column_structure=&#8221;1_2,1_2&#8243; max_width=&#8221;100%&#8221; module_alignment=&#8221;center&#8221; sticky_enabled=&#8221;0&#8243;][et_pb_column type=&#8221;1_2&#8243; _builder_version=&#8221;4.24.3&#8243; _module_preset=&#8221;default&#8221; global_colors_info=&#8221;{}&#8221;][et_pb_text _builder_version=&#8221;4.25.1&#8243; _module_preset=&#8221;default&#8221; text_text_color=&#8221;#1E274E&#8221; custom_margin=&#8221;||-5px|||&#8221; hover_enabled=&#8221;0&#8243; global_colors_info=&#8221;{}&#8221; sticky_enabled=&#8221;0&#8243;]<\/p>\n<p style=\"text-align: left;\"><strong>\u00a0Coordena\u00e7\u00e3o Cient\u00edfica e Executiva<\/strong><\/p>\n<p style=\"text-align: left;\">Prof. Doutor Rui Paulo Coutinho de Mascarenhas Ata\u00edde<br \/>Prof. Doutor A. Barreto Menezes Cordeiro<br \/>Prof. Doutor Francisco Rodrigues Rocha<\/p>\n<p style=\"text-align: left;\">In\u00edcio: 23 de Janeiro de 2023<br \/>Fim: 10 de Julho de 2023<br \/>Curso \u00e0s segundas-feiras (excepto onde assinalado), 18h30-21h00<\/p>\n<p style=\"text-align: center;\">[\/et_pb_text][\/et_pb_column][et_pb_column type=&#8221;1_2&#8243; _builder_version=&#8221;4.25.1&#8243; _module_preset=&#8221;default&#8221; hover_enabled=&#8221;0&#8243; global_colors_info=&#8221;{}&#8221; title_text=&#8221;CIDP_MOSAICO PG ServicosDigitais VII c\u00f3pia&#8221; background_image=&#8221;https:\/\/idconsumo.pt\/wp-content\/uploads\/2024\/05\/CIDP_MOSAICO-PG-ServicosDigitais-VII-copia.png&#8221; custom_padding=&#8221;167px||||false|false&#8221; sticky_enabled=&#8221;0&#8243;][et_pb_divider _builder_version=&#8221;4.25.1&#8243; _module_preset=&#8221;default&#8221; show_divider=&#8221;off&#8221; hover_enabled=&#8221;0&#8243; sticky_enabled=&#8221;0&#8243;][\/et_pb_divider][\/et_pb_column][\/et_pb_row][\/et_pb_section][et_pb_section fb_built=&#8221;1&#8243; _builder_version=&#8221;4.16&#8243; custom_padding=&#8221;0px||7px|||&#8221; global_colors_info=&#8221;{}&#8221;][et_pb_row _builder_version=&#8221;4.25.1&#8243; background_size=&#8221;initial&#8221; background_position=&#8221;top_left&#8221; background_repeat=&#8221;repeat&#8221; width_tablet=&#8221;&#8221; width_phone=&#8221;100%&#8221; width_last_edited=&#8221;on|phone&#8221; max_width=&#8221;100%&#8221; module_alignment=&#8221;center&#8221; custom_padding=&#8221;0px|||||&#8221; global_colors_info=&#8221;{}&#8221;][et_pb_column type=&#8221;4_4&#8243; _builder_version=&#8221;4.25.1&#8243; background_enable_image=&#8221;off&#8221; custom_padding=&#8221;0px||||false|false&#8221; global_colors_info=&#8221;{}&#8221; custom_padding__hover=&#8221;|||&#8221;][et_pb_divider show_divider=&#8221;off&#8221; _builder_version=&#8221;4.25.1&#8243; _module_preset=&#8221;default&#8221; global_colors_info=&#8221;{}&#8221;]<\/p>\n<p>[\/et_pb_divider][et_pb_tabs active_tab_background_color=&#8221;#FFFFFF&#8221; inactive_tab_background_color=&#8221;rgba(10,3,5,0.09)&#8221; active_tab_text_color=&#8221;#AE156F&#8221; _builder_version=&#8221;4.25.1&#8243; _module_preset=&#8221;default&#8221; tab_text_color=&#8221;#1E274E&#8221; body_text_color=&#8221;#1E274E&#8221; custom_padding=&#8221;|30px||30px|false|true&#8221; global_colors_info=&#8221;{}&#8221;][et_pb_tab title=&#8221;Apresenta\u00e7\u00e3o&#8221; _builder_version=&#8221;4.25.1&#8243; _module_preset=&#8221;default&#8221; body_text_align=&#8221;justify&#8221; body_text_color=&#8221;#1E274E&#8221; global_colors_info=&#8221;{}&#8221;]<\/p>\n<p>Os servi\u00e7os digitais constituem hoje parte significativa da economia mundial, tendo entrado amplamente na vida quotidiana de todos. A evolu\u00e7\u00e3o do mercado e da tecnologia, bem como a experi\u00eancia resultante da aplica\u00e7\u00e3o da Directiva n.\u00ba 2000\/31\/CE (Directiva do Com\u00e9rcio Electr\u00f3nico) e das correspondentes leis nacionais, entre n\u00f3s o Decreto-Lei n.\u00ba 7\/2004 (Lei do Com\u00e9rcio Electr\u00f3nico), determinaram a apresenta\u00e7\u00e3o, em 18 de Dezembro de 2020, da Proposta de Regulamento relativo a um mercado \u00fanico de servi\u00e7os digitais (Regulamento dos Servi\u00e7os Digitais), que mereceu a anu\u00eancia do Parlamento Europeu em Julho de 2023. \u00c9 esta mudan\u00e7a legislativa, mas tamb\u00e9m da filosofia \u2013 embora sem eliminar linhas de continuidade com o quadro jur\u00eddico anterior \u2013, de um dos textos centrais do com\u00e9rcio electr\u00f3nico, que motiva que o anterior Curso de E-Commerce &#8211; Direito do Com\u00e9rcio Electr\u00f3nico, que ia j\u00e1 na edi\u00e7\u00e3o V, tenha passado a chamar-se Digital Services &#8211; Direito dos Servi\u00e7os Digitais.<\/p>\n<p>Outras altera\u00e7\u00f5es no panorama legislativo ocorreram tamb\u00e9m em tempos recentes, impondo, assim, um renovar do Curso e dos seus conte\u00fados. A t\u00edtulo ilustrativo, tenha-se presente, a n\u00edvel do Direito da UE, a Resolu\u00e7\u00e3o do Parlamento Europeu de 20 de Outubro de 2020 com recomenda\u00e7\u00f5es \u00e0 Comiss\u00e3o sobre o regime de responsabilidade civil aplic\u00e1vel \u00e0 intelig\u00eancia artificial, ou a Proposta de Regulamento, de 21 de Abril de 2021, que estabelece regras harmonizadas sobre intelig\u00eancia artificial. Tamb\u00e9m no plano do Direito interno surgiram novos regimes, de que destacamos a recente Lei n.\u00ba 16\/2023, de 16 de Agosto, que aprovou a Lei das Comunica\u00e7\u00f5es Electr\u00f3nicas, transpondo a Directiva n.\u00ba 2018\/1972, bem como o regime decorrente da transposi\u00e7\u00e3o da Directiva n.\u00ba 2019\/770, sobre os contratos de fornecimento de conte\u00fados e servi\u00e7os digitais, e da Directiva n.\u00ba 2019\/771, sobre a venda de bens de consumo, revogando a Directiva n.\u00ba 1999\/44\/CE e o regime at\u00e9 h\u00e1 pouco estabelecido pelo Decreto-Lei n.\u00ba 67\/2003, alterado e republicado pelo Decreto-Lei n.\u00ba 84\/2008 (Lei da Venda de Bens de Consumo).<\/p>\n<p>O VI Curso decorrer\u00e1 de 23 de Janeiro a 3 de Julho de 2023, das 18h30 \u00e0s 21h15, por regra \u00e0 segunda-feira, com excep\u00e7\u00e3o, por motivos que se prendem com a interposi\u00e7\u00e3o ou sobreposi\u00e7\u00e3o de feriados, dos dias especificamente assinalados no programa. As aulas ser\u00e3o ministradas \u00e0 dist\u00e2ncia, via Zoom, atrav\u00e9s de liga\u00e7\u00e3o a disponibilizar pela organiza\u00e7\u00e3o do Curso.<\/p>\n<p><strong>HOR\u00c1RIO<\/strong><\/p>\n<p><span class=\"TextRun Highlight Underlined SCXW121762593\" lang=\"PT-PT\" xml:lang=\"PT-PT\"><span class=\"NormalTextRun SCXW121762593\">Segundas-Feiras, das 18h30 \u00e0s 21h15,\u00a0<\/span><\/span><span class=\"TextRun Highlight Underlined SCXW121762593\" lang=\"PT-PT\" xml:lang=\"PT-PT\"><span class=\"SpellingError SCXW121762593\">excepto<\/span><\/span><span class=\"TextRun Highlight Underlined SCXW121762593\" lang=\"PT-PT\" xml:lang=\"PT-PT\"><span class=\"NormalTextRun SCXW121762593\">\u00a0nos dias assinalados<\/span><\/span><span class=\"TextRun Highlight SCXW121762593\" lang=\"PT-PT\" xml:lang=\"PT-PT\"><span class=\"NormalTextRun SCXW121762593\">\u202f(*)<\/span><\/span><\/p>\n<p>AULAS POR V\u00cdDEOCONFER\u00caNCIA, ATRAV\u00c9S DA PLATAFORMA ZOOM.<\/p>\n<p>&nbsp;<\/p>\n<p style=\"text-align: center;\"><strong>CANDIDATURAS ENCERRADAS<\/strong><\/p>\n<p>[\/et_pb_tab][et_pb_tab title=&#8221;Elementos de Apoio&#8221; _builder_version=&#8221;4.25.1&#8243; _module_preset=&#8221;default&#8221; body_text_align=&#8221;justify&#8221; global_colors_info=&#8221;{}&#8221;]<\/p>\n<p>Ser\u00e1 oferecido um exemplar,<span>\u00a0<\/span><span>os\u00a0<em>Estudos de Direito do Consumo<\/em>, vol. V (AAFDL, Lisboa, 2017<\/span>,\u00a0\u00a0aos alunos que se inscrevam no Regime &#8220;Curso Completo&#8221; e desde que tenham efetuado o pagamento integral das propinas.<\/p>\n<p><span style=\"color: #ff0000;\"><a href=\"https:\/\/idconsumo.pt\/wp-content\/uploads\/2024\/05\/Novo-manual.pdf\" target=\"_blank\" rel=\"noopener\" style=\"color: #ff0000;\">Novo Manual de Instru\u00e7\u00f5es para formalizar a candidatura<\/a><\/span><\/p>\n<p><span style=\"color: #ff0000;\"><a href=\"https:\/\/youtu.be\/hhmYzi8d010\" target=\"_blank\" rel=\"noopener\" style=\"color: #ff0000;\">Video &#8211; Criar registo pela 1\u00aa Vez no Portal das Candidaturas<\/a><\/span><\/p>\n<p><a href=\"https:\/\/youtu.be\/6niHV0hUr2M\" target=\"_blank\" rel=\"noopener\" style=\"color: #ff0000;\">V\u00eddeo: Candidato j\u00e1 com Registo criado &#8211; concluir ou efetuar nova candidatura<\/a><\/p>\n<p><span style=\"color: #ff0000;\">\u00a0<\/span><\/p>\n<p>[\/et_pb_tab][et_pb_tab title=&#8221;Propinas&#8221; _builder_version=&#8221;4.25.1&#8243; _module_preset=&#8221;default&#8221; body_text_color=&#8221;#1E274E&#8221; global_colors_info=&#8221;{}&#8221;]<\/p>\n<ul>\n<li>Taxa de inscri\u00e7\u00e3o: 50 \u20ac (n\u00e3o reembols\u00e1vel).<\/li>\n<li>Curso completo sem avalia\u00e7\u00e3o: 1.200\u00a0\u20ac (se escolhida a modalidade com avalia\u00e7\u00e3o, acrescem 100 \u20ac).<br \/>M\u00f3dulos avulsos: M\u00f3dulo I (280 \u20ac); M\u00f3dulo II (240 \u20ac); M\u00f3dulo III (680 \u20ac); M\u00f3dulo IV (140 \u20ac); M\u00f3dulo V (280 \u20ac);\u00a0M\u00f3dulo VI (280 \u20ac);<br \/>(se escolhida a modalidade com avalia\u00e7\u00e3o, acrescem 100 \u20ac).<\/li>\n<li>Pre\u00e7o por Confer\u00eancia(s) avulsa(s): 60 \u20ac (com certificado de frequ\u00eancia).<\/li>\n<\/ul>\n<p><strong>PAGAMENTO EM PRESTA\u00c7\u00d5ES<\/strong><\/p>\n<p>1 &#8211; Os alunos que optarem pela inscri\u00e7\u00e3o na modalidade do curso completo, com ou sem avalia\u00e7\u00e3o, podem pagar as propinas em tr\u00eas presta\u00e7\u00f5es de igual montante, nas seguintes condi\u00e7\u00f5es:<\/p>\n<ul>\n<li>A primeira presta\u00e7\u00e3o tem que ser paga no ato da inscri\u00e7\u00e3o;<\/li>\n<li>A segunda at\u00e9 dia 31 de mar\u00e7o de 2023;<\/li>\n<li>A terceira presta\u00e7\u00e3o at\u00e9 31 de maio de 2023.<\/li>\n<li>Taxa de Avalia\u00e7\u00e3o at\u00e9 dia 22 de junho de 2023 (Caso se aplique)<\/li>\n<\/ul>\n<p>2 &#8211; O pagamento em presta\u00e7\u00f5es n\u00e3o prejudica o direito aos descontos convencionados nos Protocolos referidos na 1.\u00aa condi\u00e7\u00e3o especial.<\/p>\n<p><strong>DESCONTOS<\/strong><\/p>\n<ul>\n<li>10 % aos Advogados e Advogados-estagi\u00e1rios com inscri\u00e7\u00e3o em vigor na Ordem dos Advogados Portugueses (OA), e antigos alunos h\u00e1 menos de 2 anos da Faculdade de Direito de Lisboa;<\/li>\n<li>20 % aos associados da Associa\u00e7\u00e3o Nacional dos Jovens Advogados Portugueses (ANJAP);<\/li>\n<li>50 % aos associados da Associa\u00e7\u00e3o Acad\u00e9mica da Faculdade de Direito de Lisboa;<\/li>\n<li>50 % aos alunos finalistas da licenciatura, aos estudantes de mestrado e de doutoramento da Faculdade de Direito da Universidade de Lisboa;<\/li>\n<li>35 % aos alunos inscritos num outro curso p\u00f3s-graduado do Centro de Investiga\u00e7\u00e3o de Direito Privado (CIDP);<\/li>\n<li>Condi\u00e7\u00f5es especiais a acordar caso a caso para inscri\u00e7\u00f5es de mais de 5 alunos em P\u00f3s-Gradua\u00e7\u00f5es do CIDP.Caso o aluno se integre numa ou mais categorias elencadas nas al\u00edneas previstas no n\u00famero anterior, pode optar pelo desconto de maior valor, sem possibilidade de cumula\u00e7\u00e3o.<\/li>\n<\/ul>\n<p>[\/et_pb_tab][et_pb_tab title=&#8221;Avalia\u00e7\u00e3o Final&#8221; _builder_version=&#8221;4.25.1&#8243; _module_preset=&#8221;default&#8221; body_text_align=&#8221;justify&#8221; global_colors_info=&#8221;{}&#8221;]<\/p>\n<p><span style=\"color: #ff0000;\"><a href=\"https:\/\/idconsumo.pt\/wp-content\/uploads\/2024\/05\/REGULAMENTO-DO-VI.pdf\" target=\"_blank\" rel=\"noopener\" style=\"color: #ff0000;\">Regulamento de Avalia\u00e7\u00e3o 2022-2023<\/a><\/span><\/p>\n<p><strong>TEMA DO TRABALHO<\/strong><br \/><span style=\"color: #ff0000;\"><\/span><\/p>\n<div id=\"CourseHtml\" bis_skin_checked=\"1\">\n<div class=\"Course2\" bis_skin_checked=\"1\">\n<div class=\"Txt1\" bis_skin_checked=\"1\">\n<p>Deve versar sobre um dos temas abordados no Curso.<\/p>\n<p><a href=\"https:\/\/idconsumo.pt\/wp-content\/uploads\/2024\/05\/Manual-de-Instrucoes.pdf\" target=\"_blank\" rel=\"noopener\"><span style=\"color: #ff0000;\">Manual &#8211; Instru\u00e7\u00f5es para submiss\u00e3o do trabalho final de avalia\u00e7\u00e3o<\/span><span style=\"color: #ff0000;\">\u00a0<\/span><\/a><\/p>\n<p><strong>EXTENS\u00c3O M\u00c1XIMA DO TRABALHO<\/strong><\/p>\n<p>Ter um m\u00ednimo de 20 e um m\u00e1ximo de 30 p\u00e1ginas, redigidas em computador;<\/p>\n<p>Ser escrito em letra de tamanho 12, tipo Times New Roman, com espa\u00e7o de 1,5 entre linhas e as notas de rodap\u00e9 em letra 10 do mesmo tipo.<\/p>\n<p><strong>PRAZO DE ENTREGA:<\/strong><\/p>\n<p>At\u00e9 dia 30 de setembro de 2023<\/p>\n<p>A t\u00edtulo excepcional, o prazo de entrega do trabalho escrito pode ser prorrogado uma \u00fanica vez pelo per\u00edodo de um m\u00eas, mediante o pagamento de \u20ac 100 (cem euros).<\/p>\n<p><strong>MODO DE ENTREGA<br \/><\/strong>Uma c\u00f3pia em formato de papel e outra c\u00f3pia em formato digital (<strong>*<\/strong>), atrav\u00e9s do portal\u00a0<strong>NETPA.<\/strong><\/p>\n<p>A vers\u00e3o em papel poder\u00e1 ser entregue:\u00a0<em>i<\/em>) presencialmente, todos os dias \u00fateis, das 14 \u00e0s 18 horas no Gabinete do IDC\/CIDP; ou\u00a0<em>ii)<\/em>\u00a0por correio, para a morada indicada abaixo.<\/p>\n<p>A\/C de Walter Rodrigues<br \/>Associa\u00e7\u00e3o para o Estudo do Direito do Consumo<br \/>Faculdade de Direito de Lisboa<br \/>Alameda da Universidade<br \/>Cidade Universit\u00e1ria<br \/>1640-014 LISBOA<\/p>\n<p>(<strong>*<\/strong>) Prevalecem a data e a vers\u00e3o do trabalho enviadas em formato digital.<\/p>\n<p>O trabalho escrito tempestivamente entregue \u00e9 avaliado por um dos Coordenadores do Curso ou por um conferencista escolhido pelos Coordenadores;<\/p>\n<p>O trabalho escrito \u00e9 classificado de 0 a 20 valores;<\/p>\n<p>Caso o trabalho escrito seja avaliado com nota inferior a 8 valores, o aluno encontra-se reprovado.<\/p>\n<p>Quando opte pela inscri\u00e7\u00e3o na modalidade de curso completo com avalia\u00e7\u00e3o ou em m\u00f3dulos avulsos com avalia\u00e7\u00e3o, o aluno tem de apresentar, no final do curso, um trabalho escrito, sobre um tema \u00e0 sua escolha, desde que referente a uma das mat\u00e9rias lecionadas.<\/p>\n<p>&nbsp;<\/p>\n<\/div>\n<\/div>\n<\/div>\n<p>[\/et_pb_tab][et_pb_tab title=&#8221;Contactos&#8221; _builder_version=&#8221;4.25.1&#8243; _module_preset=&#8221;default&#8221; body_text_align=&#8221;justify&#8221; global_colors_info=&#8221;{}&#8221;]<\/p>\n<p>\u00a0Para qualquer informa\u00e7\u00e3o, contactar o Gabinete do IDC\/CIDP atrav\u00e9s do e-mail:<span>\u00a0<\/span><span style=\"color: #ff0000;\"><a href=\"mailto:idc@cidp.pt\" style=\"color: #ff0000;\">idc@cidp.pt<\/a>\u00a0\u00a0<\/span>ou pelo telem\u00f3vel: 915429341 (Dias \u00fateis, das 10h e as 12h30 e das 14h30 \u00e0s 17h)<\/p>\n<p>[\/et_pb_tab][\/et_pb_tabs][\/et_pb_column][\/et_pb_row][et_pb_row _builder_version=&#8221;4.24.3&#8243; _module_preset=&#8221;default&#8221; global_colors_info=&#8221;{}&#8221;][et_pb_column type=&#8221;4_4&#8243; _builder_version=&#8221;4.24.3&#8243; _module_preset=&#8221;default&#8221; global_colors_info=&#8221;{}&#8221;][et_pb_button button_url=&#8221;https:\/\/idconsumo.pt\/wp-content\/uploads\/2024\/05\/cartaz-vi.pdf&#8221; url_new_window=&#8221;on&#8221; button_text=&#8221;Cartaz \/ Programa &#8221; button_alignment=&#8221;center&#8221; button_alignment_tablet=&#8221;left&#8221; button_alignment_phone=&#8221;center&#8221; button_alignment_last_edited=&#8221;on|phone&#8221; _builder_version=&#8221;4.25.1&#8243; _module_preset=&#8221;default&#8221; custom_button=&#8221;on&#8221; button_text_size=&#8221;18px&#8221; button_text_color=&#8221;#ae156f&#8221; button_bg_color=&#8221;RGBA(255,255,255,0)&#8221; button_border_width=&#8221;2px&#8221; button_border_color=&#8221;#ae156f&#8221; button_border_radius=&#8221;50px&#8221; button_font=&#8221;||||||||&#8221; button_icon=&#8221;&#xe092;||divi||400&#8243; button_icon_color=&#8221;#ae156f&#8221; button_on_hover=&#8221;off&#8221; custom_padding=&#8221;10px|40px|10px|40px|true|true&#8221; global_colors_info=&#8221;{}&#8221;]<\/p>\n<p>[\/et_pb_button][\/et_pb_column][\/et_pb_row][\/et_pb_section][et_pb_section fb_built=&#8221;1&#8243; admin_label=&#8221;Mozart &#8211; Home&#8221; module_id=&#8221;newsletter&#8221; module_class=&#8221;mozart_footer&#8221; _builder_version=&#8221;4.24.3&#8243; background_color=&#8221;#ffffff&#8221; custom_padding=&#8221;0px||0px|&#8221; custom_css_main_element=&#8221; overflow: hidden;&#8221; global_module=&#8221;327893&#8243; saved_tabs=&#8221;all&#8221; global_colors_info=&#8221;{}&#8221;][et_pb_row column_structure=&#8221;1_2,1_2&#8243; use_custom_gutter=&#8221;on&#8221; gutter_width=&#8221;1&#8243; custom_padding_last_edited=&#8221;on|desktop&#8221; admin_label=&#8221;Mozart &#8211; Home&#8221; _builder_version=&#8221;4.24.3&#8243; background_color=&#8221;#1a284d&#8221; background_size=&#8221;initial&#8221; background_position=&#8221;top_left&#8221; background_repeat=&#8221;repeat&#8221; max_width=&#8221;1175px&#8221; custom_margin=&#8221;-1px|auto|-1px|auto|true|false&#8221; custom_padding=&#8221;4.1vw||4.3vw|&#8221; custom_padding_tablet=&#8221;60px||60px|&#8221; custom_padding_phone=&#8221;&#8221; custom_css_before=&#8221; content: %22%22;|| display: block;|| position: absolute;|| background-color: #1a284d;|| height: 100%;|| width: 5000px;|| top: 0;|| left: -2000px;&#8221; custom_css_main_element=&#8221;overflow: visible !important;&#8221; use_custom_width=&#8221;on&#8221; custom_width_px=&#8221;1175px&#8221; global_colors_info=&#8221;{}&#8221;][et_pb_column type=&#8221;1_2&#8243; _builder_version=&#8221;4.16&#8243; custom_padding=&#8221;|||&#8221; custom_padding_tablet=&#8221;|||0px&#8221; custom_padding_phone=&#8221;&#8221; custom_padding_last_edited=&#8221;on|tablet&#8221; custom_css_main_element=&#8221; width: 38%;&#8221; global_colors_info=&#8221;{}&#8221; custom_padding__hover=&#8221;|||&#8221;][et_pb_text admin_label=&#8221;Sign Up for our Latest Deals&#8221; _builder_version=&#8221;4.24.3&#8243; text_font=&#8221;|500||on|||||&#8221; text_text_color=&#8221;#ffffff&#8221; text_font_size=&#8221;42&#8243; text_line_height=&#8221;52&#8243; background_layout=&#8221;dark&#8221; module_alignment=&#8221;center&#8221; custom_padding=&#8221;5px|||&#8221; text_font_size_tablet=&#8221;36&#8243; text_font_size_phone=&#8221;30px&#8221; text_font_size_last_edited=&#8221;on|phone&#8221; text_line_height_tablet=&#8221;120%&#8221; text_line_height_phone=&#8221;&#8221; text_line_height_last_edited=&#8221;on|tablet&#8221; global_colors_info=&#8221;{}&#8221;]<\/p>\n<p>Subscreva a nossa newsletter<\/p>\n<p>[\/et_pb_text][\/et_pb_column][et_pb_column type=&#8221;1_2&#8243; _builder_version=&#8221;4.16&#8243; custom_padding=&#8221;|||&#8221; custom_padding_tablet=&#8221;|||0px&#8221; custom_padding_phone=&#8221;&#8221; custom_padding_last_edited=&#8221;on|tablet&#8221; custom_css_main_element=&#8221; margin-bottom: 0 !important;&#8221; global_colors_info=&#8221;{}&#8221; custom_padding__hover=&#8221;|||&#8221;][et_pb_text _builder_version=&#8221;4.24.3&#8243; _module_preset=&#8221;default&#8221; global_colors_info=&#8221;{}&#8221;]<\/p>\n\n<div class=\"wpcf7 no-js\" id=\"wpcf7-f215060-o1\" lang=\"pt-PT\" dir=\"ltr\" data-wpcf7-id=\"215060\">\n<div class=\"screen-reader-response\"><p role=\"status\" aria-live=\"polite\" aria-atomic=\"true\"><\/p> <ul><\/ul><\/div>\n<form action=\"\/en\/wp-json\/wp\/v2\/posts\/377414#wpcf7-f215060-o1\" method=\"post\" class=\"wpcf7-form init\" aria-label=\"Formul\u00e1rio de contacto\" novalidate=\"novalidate\" data-status=\"init\">\n<fieldset class=\"hidden-fields-container\"><input type=\"hidden\" name=\"_wpcf7\" value=\"215060\" \/><input type=\"hidden\" name=\"_wpcf7_version\" value=\"6.1.1\" \/><input type=\"hidden\" name=\"_wpcf7_locale\" value=\"pt_PT\" \/><input type=\"hidden\" name=\"_wpcf7_unit_tag\" value=\"wpcf7-f215060-o1\" \/><input type=\"hidden\" name=\"_wpcf7_container_post\" value=\"0\" \/><input type=\"hidden\" name=\"_wpcf7_posted_data_hash\" value=\"\" \/><input type=\"hidden\" name=\"_wpcf7_recaptcha_response\" value=\"\" \/>\n<\/fieldset>\n<p><label><span class=\"wpcf7-form-control-wrap\" data-name=\"email-142\"><input size=\"40\" maxlength=\"400\" class=\"wpcf7-form-control wpcf7-email wpcf7-validates-as-required wpcf7-text wpcf7-validates-as-email\" aria-required=\"true\" aria-invalid=\"false\" placeholder=\"O Seu E-mail*\" value=\"\" type=\"email\" name=\"email-142\" \/><\/span><\/label>\n<\/p>\n<p><input class=\"wpcf7-form-control wpcf7-submit has-spinner\" type=\"submit\" value=\"Enviar\" \/>\n<\/p><div class=\"wpcf7-response-output\" aria-hidden=\"true\"><\/div>\n<\/form>\n<\/div>\n\n<p>[\/et_pb_text][\/et_pb_column][\/et_pb_row][\/et_pb_section]<\/p>\n","protected":false},"excerpt":{"rendered":"<p>\u00a0Coordena\u00e7\u00e3o Cient\u00edfica e Executiva Prof. Doutor Rui Paulo Coutinho de Mascarenhas Ata\u00eddeProf. Doutor A. Barreto Menezes CordeiroProf. Doutor Francisco Rodrigues Rocha In\u00edcio: 23 de Janeiro de 2023Fim: 10 de Julho de 2023Curso \u00e0s segundas-feiras (excepto onde assinalado), 18h30-21h00 Os servi\u00e7os digitais constituem hoje parte significativa da economia mundial, tendo entrado amplamente na vida quotidiana de [&hellip;]<\/p>\n","protected":false},"author":1,"featured_media":377234,"comment_status":"closed","ping_status":"closed","sticky":false,"template":"","format":"standard","meta":{"_et_pb_use_builder":"on","_et_pb_old_content":"<!-- wp:paragraph -->\r\n<h4><strong>Jurisprud\u00eancia Selecionada (Direito Individual) \u2013 Colet\u00e2nea de Jurisprud\u00eancia \u2013 #1<\/strong><\/h4>\r\n<p>Pedro Romano Martinez<br \/>Lu\u00eds Gon\u00e7alves da Silva<br \/>Cl\u00e1udia Madaleno<br \/>Sara Leit\u00e3o<\/p>\r\n<p>Ano: 2021<\/p>\r\n<p><em>O Instituto de Direito do Trabalho da Faculdade de Direito da Universidade de Lisboa (IDT), que tem contribu\u00eddo, de forma consistente, para o desenvolvimento e divulga\u00e7\u00e3o da ci\u00eancia do Direito do Trabalho e da Seguran\u00e7a Social, d\u00e1 agora mais um passo com a publica\u00e7\u00e3o da Jurisprud\u00eancia Seleccionada.<\/em><\/p>\r\n<p><em>Esta obra integra a nova linha de publica\u00e7\u00f5es do IDT, de acesso digital e gratuito, iniciada com a Revista Internacional de Direito do Trabalho , \u00e0 qual se seguiu a publica\u00e7\u00e3o, em ebook, de duas disserta\u00e7\u00f5es de mestrado: Do Local de Trabalho, de Pedro Madeira de Brito, e Portaria de Extens\u00e3o: Contributo para o seu Estudo, de Lu\u00eds Gon\u00e7alves da Silva.<\/em><\/p>\r\n<!-- \/wp:paragraph -->","_et_gb_content_width":"","footnotes":""},"categories":[27],"tags":[],"class_list":["post-377414","post","type-post","status-publish","format-standard","has-post-thumbnail","hentry","category-cursos-anteriores-en"],"yoast_head":"<!-- This site is optimized with the Yoast SEO plugin v25.9 - https:\/\/yoast.com\/wordpress\/plugins\/seo\/ -->\n<title>VI Curso de P\u00f3s Gradua\u00e7\u00e3o em Digital Services - Direito dos Servi\u00e7os Digitais(2023) - idconsumo.pt<\/title>\n<meta name=\"robots\" content=\"index, follow, max-snippet:-1, max-image-preview:large, max-video-preview:-1\" \/>\n<link rel=\"canonical\" href=\"https:\/\/idconsumo.pt\/en\/vi-curso-de-pos-graduacao-em-digital-services-direito-dos-servicos-digitais2024\/\" \/>\n<meta property=\"og:locale\" content=\"en_US\" \/>\n<meta property=\"og:type\" content=\"article\" \/>\n<meta property=\"og:title\" content=\"VI Curso de P\u00f3s Gradua\u00e7\u00e3o em Digital Services - Direito dos Servi\u00e7os Digitais(2023) - idconsumo.pt\" \/>\n<meta property=\"og:description\" content=\"\u00a0Coordena\u00e7\u00e3o Cient\u00edfica e Executiva Prof. Doutor Rui Paulo Coutinho de Mascarenhas Ata\u00eddeProf. Doutor A. Barreto Menezes CordeiroProf. Doutor Francisco Rodrigues Rocha In\u00edcio: 23 de Janeiro de 2023Fim: 10 de Julho de 2023Curso \u00e0s segundas-feiras (excepto onde assinalado), 18h30-21h00 Os servi\u00e7os digitais constituem hoje parte significativa da economia mundial, tendo entrado amplamente na vida quotidiana de [&hellip;]\" \/>\n<meta property=\"og:url\" content=\"https:\/\/idconsumo.pt\/en\/vi-curso-de-pos-graduacao-em-digital-services-direito-dos-servicos-digitais2024\/\" \/>\n<meta property=\"og:site_name\" content=\"idconsumo.pt\" \/>\n<meta property=\"article:published_time\" content=\"2024-05-22T13:25:14+00:00\" \/>\n<meta property=\"article:modified_time\" content=\"2024-09-09T09:40:56+00:00\" \/>\n<meta property=\"og:image\" content=\"https:\/\/idconsumo.pt\/wp-content\/uploads\/2024\/05\/CIDP_MOSAICO-PG-ServicosDigitais-VII-copia.png\" \/>\n\t<meta property=\"og:image:width\" content=\"577\" \/>\n\t<meta property=\"og:image:height\" content=\"438\" \/>\n\t<meta property=\"og:image:type\" content=\"image\/png\" \/>\n<meta name=\"author\" content=\"Suporte\" \/>\n<meta name=\"twitter:card\" content=\"summary_large_image\" \/>\n<meta name=\"twitter:label1\" content=\"Written by\" \/>\n\t<meta name=\"twitter:data1\" content=\"Suporte\" \/>\n\t<meta name=\"twitter:label2\" content=\"Est. reading time\" \/>\n\t<meta name=\"twitter:data2\" content=\"11 minutes\" \/>\n<script type=\"application\/ld+json\" class=\"yoast-schema-graph\">{\"@context\":\"https:\/\/schema.org\",\"@graph\":[{\"@type\":\"WebPage\",\"@id\":\"https:\/\/idconsumo.pt\/en\/vi-curso-de-pos-graduacao-em-digital-services-direito-dos-servicos-digitais2024\/\",\"url\":\"https:\/\/idconsumo.pt\/en\/vi-curso-de-pos-graduacao-em-digital-services-direito-dos-servicos-digitais2024\/\",\"name\":\"VI Curso de P\u00f3s Gradua\u00e7\u00e3o em Digital Services - Direito dos Servi\u00e7os Digitais (2023) - idconsumo.pt\",\"isPartOf\":{\"@id\":\"https:\/\/idconsumo.pt\/#website\"},\"primaryImageOfPage\":{\"@id\":\"https:\/\/idconsumo.pt\/en\/vi-curso-de-pos-graduacao-em-digital-services-direito-dos-servicos-digitais2024\/#primaryimage\"},\"image\":{\"@id\":\"https:\/\/idconsumo.pt\/en\/vi-curso-de-pos-graduacao-em-digital-services-direito-dos-servicos-digitais2024\/#primaryimage\"},\"thumbnailUrl\":\"https:\/\/idconsumo.pt\/wp-content\/uploads\/2024\/05\/CIDP_MOSAICO-PG-ServicosDigitais-VII-copia.png\",\"datePublished\":\"2024-05-22T13:25:14+00:00\",\"dateModified\":\"2024-09-09T09:40:56+00:00\",\"author\":{\"@id\":\"https:\/\/idconsumo.pt\/#\/schema\/person\/63f80fc0977120ff325405b9a506bcdf\"},\"breadcrumb\":{\"@id\":\"https:\/\/idconsumo.pt\/en\/vi-curso-de-pos-graduacao-em-digital-services-direito-dos-servicos-digitais2024\/#breadcrumb\"},\"inLanguage\":\"en-US\",\"potentialAction\":[{\"@type\":\"ReadAction\",\"target\":[\"https:\/\/idconsumo.pt\/en\/vi-curso-de-pos-graduacao-em-digital-services-direito-dos-servicos-digitais2024\/\"]}]},{\"@type\":\"ImageObject\",\"inLanguage\":\"en-US\",\"@id\":\"https:\/\/idconsumo.pt\/en\/vi-curso-de-pos-graduacao-em-digital-services-direito-dos-servicos-digitais2024\/#primaryimage\",\"url\":\"https:\/\/idconsumo.pt\/wp-content\/uploads\/2024\/05\/CIDP_MOSAICO-PG-ServicosDigitais-VII-copia.png\",\"contentUrl\":\"https:\/\/idconsumo.pt\/wp-content\/uploads\/2024\/05\/CIDP_MOSAICO-PG-ServicosDigitais-VII-copia.png\",\"width\":577,\"height\":438},{\"@type\":\"BreadcrumbList\",\"@id\":\"https:\/\/idconsumo.pt\/en\/vi-curso-de-pos-graduacao-em-digital-services-direito-dos-servicos-digitais2024\/#breadcrumb\",\"itemListElement\":[{\"@type\":\"ListItem\",\"position\":1,\"name\":\"In\u00edcio\",\"item\":\"https:\/\/idconsumo.pt\/\"},{\"@type\":\"ListItem\",\"position\":2,\"name\":\"VI Curso de P\u00f3s Gradua\u00e7\u00e3o em Digital Services &#8211; Direito dos Servi\u00e7os Digitais(2023)\"}]},{\"@type\":\"WebSite\",\"@id\":\"https:\/\/idconsumo.pt\/#website\",\"url\":\"https:\/\/idconsumo.pt\/\",\"name\":\"idconsumo.pt\",\"description\":\"O IDC tem desenvolvido relevantes atividades de interesse geral no \u00e2mbito da investiga\u00e7\u00e3o, ensino e divulga\u00e7\u00e3o do Direito do Consumo.\",\"potentialAction\":[{\"@type\":\"SearchAction\",\"target\":{\"@type\":\"EntryPoint\",\"urlTemplate\":\"https:\/\/idconsumo.pt\/?s={search_term_string}\"},\"query-input\":{\"@type\":\"PropertyValueSpecification\",\"valueRequired\":true,\"valueName\":\"search_term_string\"}}],\"inLanguage\":\"en-US\"},{\"@type\":\"Person\",\"@id\":\"https:\/\/idconsumo.pt\/#\/schema\/person\/63f80fc0977120ff325405b9a506bcdf\",\"name\":\"Suporte\",\"image\":{\"@type\":\"ImageObject\",\"inLanguage\":\"en-US\",\"@id\":\"https:\/\/idconsumo.pt\/#\/schema\/person\/image\/\",\"url\":\"https:\/\/secure.gravatar.com\/avatar\/abf2f9792d63b98500ecda3cf0abd95611388099cf106a9250dfdebc2e118974?s=96&d=mm&r=g\",\"contentUrl\":\"https:\/\/secure.gravatar.com\/avatar\/abf2f9792d63b98500ecda3cf0abd95611388099cf106a9250dfdebc2e118974?s=96&d=mm&r=g\",\"caption\":\"Suporte\"},\"sameAs\":[\"https:\/\/idconsumo.pt\"],\"url\":\"https:\/\/idconsumo.pt\/en\/author\/suporte\/\"}]}<\/script>\n<!-- \/ Yoast SEO plugin. -->","yoast_head_json":{"title":"VI Curso de P\u00f3s Gradua\u00e7\u00e3o em Digital Services - Direito dos Servi\u00e7os Digitais(2023) - idconsumo.pt","robots":{"index":"index","follow":"follow","max-snippet":"max-snippet:-1","max-image-preview":"max-image-preview:large","max-video-preview":"max-video-preview:-1"},"canonical":"https:\/\/idconsumo.pt\/en\/vi-curso-de-pos-graduacao-em-digital-services-direito-dos-servicos-digitais2024\/","og_locale":"en_US","og_type":"article","og_title":"VI Curso de P\u00f3s Gradua\u00e7\u00e3o em Digital Services - Direito dos Servi\u00e7os Digitais(2023) - idconsumo.pt","og_description":"\u00a0Coordena\u00e7\u00e3o Cient\u00edfica e Executiva Prof. Doutor Rui Paulo Coutinho de Mascarenhas Ata\u00eddeProf. Doutor A. Barreto Menezes CordeiroProf. Doutor Francisco Rodrigues Rocha In\u00edcio: 23 de Janeiro de 2023Fim: 10 de Julho de 2023Curso \u00e0s segundas-feiras (excepto onde assinalado), 18h30-21h00 Os servi\u00e7os digitais constituem hoje parte significativa da economia mundial, tendo entrado amplamente na vida quotidiana de [&hellip;]","og_url":"https:\/\/idconsumo.pt\/en\/vi-curso-de-pos-graduacao-em-digital-services-direito-dos-servicos-digitais2024\/","og_site_name":"idconsumo.pt","article_published_time":"2024-05-22T13:25:14+00:00","article_modified_time":"2024-09-09T09:40:56+00:00","og_image":[{"width":577,"height":438,"url":"https:\/\/idconsumo.pt\/wp-content\/uploads\/2024\/05\/CIDP_MOSAICO-PG-ServicosDigitais-VII-copia.png","type":"image\/png"}],"author":"Suporte","twitter_card":"summary_large_image","twitter_misc":{"Written by":"Suporte","Est. reading time":"11 minutes"},"schema":{"@context":"https:\/\/schema.org","@graph":[{"@type":"WebPage","@id":"https:\/\/idconsumo.pt\/en\/vi-curso-de-pos-graduacao-em-digital-services-direito-dos-servicos-digitais2024\/","url":"https:\/\/idconsumo.pt\/en\/vi-curso-de-pos-graduacao-em-digital-services-direito-dos-servicos-digitais2024\/","name":"VI Curso de P\u00f3s Gradua\u00e7\u00e3o em Digital Services - Direito dos Servi\u00e7os Digitais (2023) - idconsumo.pt","isPartOf":{"@id":"https:\/\/idconsumo.pt\/#website"},"primaryImageOfPage":{"@id":"https:\/\/idconsumo.pt\/en\/vi-curso-de-pos-graduacao-em-digital-services-direito-dos-servicos-digitais2024\/#primaryimage"},"image":{"@id":"https:\/\/idconsumo.pt\/en\/vi-curso-de-pos-graduacao-em-digital-services-direito-dos-servicos-digitais2024\/#primaryimage"},"thumbnailUrl":"https:\/\/idconsumo.pt\/wp-content\/uploads\/2024\/05\/CIDP_MOSAICO-PG-ServicosDigitais-VII-copia.png","datePublished":"2024-05-22T13:25:14+00:00","dateModified":"2024-09-09T09:40:56+00:00","author":{"@id":"https:\/\/idconsumo.pt\/#\/schema\/person\/63f80fc0977120ff325405b9a506bcdf"},"breadcrumb":{"@id":"https:\/\/idconsumo.pt\/en\/vi-curso-de-pos-graduacao-em-digital-services-direito-dos-servicos-digitais2024\/#breadcrumb"},"inLanguage":"en-US","potentialAction":[{"@type":"ReadAction","target":["https:\/\/idconsumo.pt\/en\/vi-curso-de-pos-graduacao-em-digital-services-direito-dos-servicos-digitais2024\/"]}]},{"@type":"ImageObject","inLanguage":"en-US","@id":"https:\/\/idconsumo.pt\/en\/vi-curso-de-pos-graduacao-em-digital-services-direito-dos-servicos-digitais2024\/#primaryimage","url":"https:\/\/idconsumo.pt\/wp-content\/uploads\/2024\/05\/CIDP_MOSAICO-PG-ServicosDigitais-VII-copia.png","contentUrl":"https:\/\/idconsumo.pt\/wp-content\/uploads\/2024\/05\/CIDP_MOSAICO-PG-ServicosDigitais-VII-copia.png","width":577,"height":438},{"@type":"BreadcrumbList","@id":"https:\/\/idconsumo.pt\/en\/vi-curso-de-pos-graduacao-em-digital-services-direito-dos-servicos-digitais2024\/#breadcrumb","itemListElement":[{"@type":"ListItem","position":1,"name":"In\u00edcio","item":"https:\/\/idconsumo.pt\/"},{"@type":"ListItem","position":2,"name":"VI Curso de P\u00f3s Gradua\u00e7\u00e3o em Digital Services &#8211; Direito dos Servi\u00e7os Digitais(2023)"}]},{"@type":"WebSite","@id":"https:\/\/idconsumo.pt\/#website","url":"https:\/\/idconsumo.pt\/","name":"idconsumo.pt","description":"O IDC tem desenvolvido relevantes atividades de interesse geral no \u00e2mbito da investiga\u00e7\u00e3o, ensino e divulga\u00e7\u00e3o do Direito do Consumo.","potentialAction":[{"@type":"SearchAction","target":{"@type":"EntryPoint","urlTemplate":"https:\/\/idconsumo.pt\/?s={search_term_string}"},"query-input":{"@type":"PropertyValueSpecification","valueRequired":true,"valueName":"search_term_string"}}],"inLanguage":"en-US"},{"@type":"Person","@id":"https:\/\/idconsumo.pt\/#\/schema\/person\/63f80fc0977120ff325405b9a506bcdf","name":"Suporte","image":{"@type":"ImageObject","inLanguage":"en-US","@id":"https:\/\/idconsumo.pt\/#\/schema\/person\/image\/","url":"https:\/\/secure.gravatar.com\/avatar\/abf2f9792d63b98500ecda3cf0abd95611388099cf106a9250dfdebc2e118974?s=96&d=mm&r=g","contentUrl":"https:\/\/secure.gravatar.com\/avatar\/abf2f9792d63b98500ecda3cf0abd95611388099cf106a9250dfdebc2e118974?s=96&d=mm&r=g","caption":"Suporte"},"sameAs":["https:\/\/idconsumo.pt"],"url":"https:\/\/idconsumo.pt\/en\/author\/suporte\/"}]}},"_links":{"self":[{"href":"https:\/\/idconsumo.pt\/en\/wp-json\/wp\/v2\/posts\/377414","targetHints":{"allow":["GET"]}}],"collection":[{"href":"https:\/\/idconsumo.pt\/en\/wp-json\/wp\/v2\/posts"}],"about":[{"href":"https:\/\/idconsumo.pt\/en\/wp-json\/wp\/v2\/types\/post"}],"author":[{"embeddable":true,"href":"https:\/\/idconsumo.pt\/en\/wp-json\/wp\/v2\/users\/1"}],"replies":[{"embeddable":true,"href":"https:\/\/idconsumo.pt\/en\/wp-json\/wp\/v2\/comments?post=377414"}],"version-history":[{"count":1,"href":"https:\/\/idconsumo.pt\/en\/wp-json\/wp\/v2\/posts\/377414\/revisions"}],"predecessor-version":[{"id":378030,"href":"https:\/\/idconsumo.pt\/en\/wp-json\/wp\/v2\/posts\/377414\/revisions\/378030"}],"wp:featuredmedia":[{"embeddable":true,"href":"https:\/\/idconsumo.pt\/en\/wp-json\/wp\/v2\/media\/377234"}],"wp:attachment":[{"href":"https:\/\/idconsumo.pt\/en\/wp-json\/wp\/v2\/media?parent=377414"}],"wp:term":[{"taxonomy":"category","embeddable":true,"href":"https:\/\/idconsumo.pt\/en\/wp-json\/wp\/v2\/categories?post=377414"},{"taxonomy":"post_tag","embeddable":true,"href":"https:\/\/idconsumo.pt\/en\/wp-json\/wp\/v2\/tags?post=377414"}],"curies":[{"name":"wp","href":"https:\/\/api.w.org\/{rel}","templated":true}]}}