{"id":377405,"date":"2024-05-22T16:50:22","date_gmt":"2024-05-22T16:50:22","guid":{"rendered":"https:\/\/idconsumo.pt\/mario-frota-a-relevancia-conferida-por-portugal-aos-direitos-humanos-na-era-digital-2024\/"},"modified":"2024-07-02T16:57:57","modified_gmt":"2024-07-02T16:57:57","slug":"mario-frota-a-relevancia-conferida-por-portugal-aos-direitos-humanos-na-era-digital-2024","status":"publish","type":"post","link":"https:\/\/idconsumo.pt\/en\/mario-frota-a-relevancia-conferida-por-portugal-aos-direitos-humanos-na-era-digital-2024\/","title":{"rendered":"M\u00c1RIO FROTA<br>A relev\u00e2ncia conferida por Portugal aos direitos humanos na era digital (2024)"},"content":{"rendered":"<p>[et_pb_section bb_built=&#8221;1&#8243; custom_padding_last_edited=&#8221;on|phone&#8221; _builder_version=&#8221;4.25.1&#8243; background_image=&#8221;https:\/\/idconsumo.pt\/wp-content\/uploads\/2024\/05\/banner2.png&#8221; vertical_offset_tablet=&#8221;0&#8243; horizontal_offset_tablet=&#8221;0&#8243; custom_padding=&#8221;32px||470px|||&#8221; custom_padding_tablet=&#8221;32px||410px|||&#8221; custom_padding_phone=&#8221;32px||74px||false|false&#8221; animation_style=&#8221;fade&#8221; box_shadow_horizontal_tablet=&#8221;0px&#8221; box_shadow_vertical_tablet=&#8221;0px&#8221; box_shadow_blur_tablet=&#8221;40px&#8221; box_shadow_spread_tablet=&#8221;0px&#8221; saved_tabs=&#8221;all&#8221; global_colors_info=&#8221;{}&#8221; next_background_color=&#8221;#ffffff&#8221;][\/et_pb_section][et_pb_section bb_built=&#8221;1&#8243; fullwidth=&#8221;on&#8221; _builder_version=&#8221;4.24.3&#8243; _module_preset=&#8221;default&#8221; global_colors_info=&#8221;{}&#8221; prev_background_color=&#8221;#000000&#8243; next_background_color=&#8221;#000000&#8243;][et_pb_fullwidth_post_title meta=&#8221;off&#8221; featured_image=&#8221;off&#8221; text_color=&#8221;light&#8221; _builder_version=&#8221;4.24.3&#8243; title_level=&#8221;h2&#8243; title_font=&#8221;|600||on|||||&#8221; title_text_color=&#8221;#1E274E&#8221; title_font_size=&#8221;30px&#8221; title_line_height=&#8221;1.7em&#8221; vertical_offset_tablet=&#8221;0&#8243; horizontal_offset_tablet=&#8221;0&#8243; text_orientation=&#8221;center&#8221; custom_padding=&#8221;87px||0px||false|false&#8221; title_font_size_tablet=&#8221;30px&#8221; title_font_size_phone=&#8221;18px&#8221; title_font_size_last_edited=&#8221;on|phone&#8221; z_index_tablet=&#8221;0&#8243; title_text_shadow_horizontal_length_tablet=&#8221;0px&#8221; title_text_shadow_vertical_length_tablet=&#8221;0px&#8221; title_text_shadow_blur_strength_tablet=&#8221;1px&#8221; meta_text_shadow_horizontal_length_tablet=&#8221;0px&#8221; meta_text_shadow_vertical_length_tablet=&#8221;0px&#8221; meta_text_shadow_blur_strength_tablet=&#8221;1px&#8221; box_shadow_horizontal_tablet=&#8221;0px&#8221; box_shadow_vertical_tablet=&#8221;0px&#8221; box_shadow_blur_tablet=&#8221;40px&#8221; box_shadow_spread_tablet=&#8221;0px&#8221; text_shadow_horizontal_length_tablet=&#8221;0px&#8221; text_shadow_vertical_length_tablet=&#8221;0px&#8221; text_shadow_blur_strength_tablet=&#8221;1px&#8221; global_colors_info=&#8221;{}&#8221;]<\/p>\n<p>[\/et_pb_fullwidth_post_title][\/et_pb_section][et_pb_section bb_built=&#8221;1&#8243; _builder_version=&#8221;4.16&#8243; custom_padding=&#8221;0px|||||&#8221; global_colors_info=&#8221;{}&#8221; prev_background_color=&#8221;#000000&#8243; next_background_color=&#8221;#000000&#8243;][et_pb_row _builder_version=&#8221;4.25.1&#8243; background_size=&#8221;initial&#8221; background_position=&#8221;top_left&#8221; background_repeat=&#8221;repeat&#8221; max_width=&#8221;100%&#8221; module_alignment=&#8221;center&#8221; custom_padding=&#8221;0px|||||&#8221; global_colors_info=&#8221;{}&#8221;][et_pb_column type=&#8221;4_4&#8243; _builder_version=&#8221;4.16&#8243; custom_padding=&#8221;|||&#8221; global_colors_info=&#8221;{}&#8221; custom_padding__hover=&#8221;|||&#8221;][et_pb_divider show_divider=&#8221;off&#8221; _builder_version=&#8221;4.25.1&#8243; _module_preset=&#8221;default&#8221; hover_enabled=&#8221;0&#8243; global_colors_info=&#8221;{}&#8221; sticky_enabled=&#8221;0&#8243;]<\/p>\n<p>[\/et_pb_divider][\/et_pb_column][\/et_pb_row][et_pb_row _builder_version=&#8221;4.24.3&#8243; _module_preset=&#8221;default&#8221; custom_padding=&#8221;0px|||||&#8221; global_colors_info=&#8221;{}&#8221;][et_pb_column type=&#8221;4_4&#8243; _builder_version=&#8221;4.24.3&#8243; _module_preset=&#8221;default&#8221; global_colors_info=&#8221;{}&#8221;][et_pb_button button_url=&#8221;https:\/\/idconsumo.pt\/wp-content\/uploads\/2024\/05\/A-RELEVANCIA-CONFERIDA-POR-PORTUGAL.pdf&#8221; url_new_window=&#8221;on&#8221; button_text=&#8221;Ver mais&#8221; button_alignment=&#8221;center&#8221; _builder_version=&#8221;4.25.1&#8243; _module_preset=&#8221;default&#8221; custom_button=&#8221;on&#8221; button_text_size=&#8221;18px&#8221; button_text_color=&#8221;#FFFFFF&#8221; button_bg_color=&#8221;#AE156F&#8221; button_border_color=&#8221;#AE156F&#8221; button_border_radius=&#8221;50px&#8221; button_font=&#8221;||||||||&#8221; button_icon=&#8221;&#x24;||divi||400&#8243; custom_padding=&#8221;10px|40px|10px|40px|true|true&#8221; hover_enabled=&#8221;0&#8243; global_colors_info=&#8221;{}&#8221; sticky_enabled=&#8221;0&#8243;]<\/p>\n<p>[\/et_pb_button][\/et_pb_column][\/et_pb_row][\/et_pb_section][et_pb_section bb_built=&#8221;1&#8243; admin_label=&#8221;Mozart &#8211; Home&#8221; module_id=&#8221;newsletter&#8221; module_class=&#8221;mozart_footer&#8221; _builder_version=&#8221;4.24.3&#8243; background_color=&#8221;#ffffff&#8221; custom_padding=&#8221;0px||0px|&#8221; custom_css_main_element=&#8221; overflow: hidden;&#8221; saved_tabs=&#8221;all&#8221; global_colors_info=&#8221;{}&#8221; prev_background_color=&#8221;#000000&#8243;][et_pb_row admin_label=&#8221;Mozart &#8211; Home&#8221; column_structure=&#8221;1_2,1_2&#8243; use_custom_gutter=&#8221;on&#8221; gutter_width=&#8221;1&#8243; custom_padding_last_edited=&#8221;on|desktop&#8221; _builder_version=&#8221;4.24.3&#8243; background_color=&#8221;#1a284d&#8221; background_size=&#8221;initial&#8221; background_position=&#8221;top_left&#8221; background_repeat=&#8221;repeat&#8221; max_width=&#8221;1175px&#8221; custom_margin=&#8221;-1px|auto|-1px|auto|true|false&#8221; custom_padding=&#8221;4.1vw||4.3vw|&#8221; custom_padding_tablet=&#8221;60px||60px|&#8221; custom_css_before=&#8221; content: %22%22;|| display: block;|| position: absolute;|| background-color: #1a284d;|| height: 100%;|| width: 5000px;|| top: 0;|| left: -2000px;&#8221; custom_css_main_element=&#8221;overflow: visible !important;&#8221; use_custom_width=&#8221;on&#8221; custom_width_px=&#8221;1175px&#8221; global_colors_info=&#8221;{}&#8221;][et_pb_column type=&#8221;1_2&#8243; _builder_version=&#8221;4.16&#8243; custom_padding=&#8221;|||&#8221; custom_padding_tablet=&#8221;|||0px&#8221; custom_padding_last_edited=&#8221;on|tablet&#8221; custom_css_main_element=&#8221; width: 38%;&#8221; global_colors_info=&#8221;{}&#8221; custom_padding__hover=&#8221;|||&#8221;][et_pb_text admin_label=&#8221;Sign Up for our Latest Deals&#8221; _builder_version=&#8221;4.24.3&#8243; text_font=&#8221;|500||on|||||&#8221; text_text_color=&#8221;#ffffff&#8221; text_font_size=&#8221;42&#8243; text_line_height=&#8221;52&#8243; background_layout=&#8221;dark&#8221; module_alignment=&#8221;center&#8221; custom_padding=&#8221;5px|||&#8221; text_font_size_tablet=&#8221;36&#8243; text_font_size_phone=&#8221;30px&#8221; text_font_size_last_edited=&#8221;on|phone&#8221; text_line_height_tablet=&#8221;120%&#8221; text_line_height_last_edited=&#8221;on|tablet&#8221; global_colors_info=&#8221;{}&#8221;]<\/p>\n<p>Subscreva a nossa newsletter<\/p>\n<p>[\/et_pb_text][\/et_pb_column][et_pb_column type=&#8221;1_2&#8243; _builder_version=&#8221;4.16&#8243; custom_padding=&#8221;|||&#8221; custom_padding_tablet=&#8221;|||0px&#8221; custom_padding_last_edited=&#8221;on|tablet&#8221; custom_css_main_element=&#8221; margin-bottom: 0 !important;&#8221; global_colors_info=&#8221;{}&#8221; custom_padding__hover=&#8221;|||&#8221;][et_pb_text _builder_version=&#8221;4.25.1&#8243; _module_preset=&#8221;default&#8221; hover_enabled=&#8221;0&#8243; global_colors_info=&#8221;{}&#8221; sticky_enabled=&#8221;0&#8243;]<\/p>\n\n<div class=\"wpcf7 no-js\" id=\"wpcf7-f215060-o1\" lang=\"pt-PT\" dir=\"ltr\" data-wpcf7-id=\"215060\">\n<div class=\"screen-reader-response\"><p role=\"status\" aria-live=\"polite\" aria-atomic=\"true\"><\/p> <ul><\/ul><\/div>\n<form action=\"\/en\/wp-json\/wp\/v2\/posts\/377405#wpcf7-f215060-o1\" method=\"post\" class=\"wpcf7-form init\" aria-label=\"Formul\u00e1rio de contacto\" novalidate=\"novalidate\" data-status=\"init\">\n<fieldset class=\"hidden-fields-container\"><input type=\"hidden\" name=\"_wpcf7\" value=\"215060\" \/><input type=\"hidden\" name=\"_wpcf7_version\" value=\"6.1.1\" \/><input type=\"hidden\" name=\"_wpcf7_locale\" value=\"pt_PT\" \/><input type=\"hidden\" name=\"_wpcf7_unit_tag\" value=\"wpcf7-f215060-o1\" \/><input type=\"hidden\" name=\"_wpcf7_container_post\" value=\"0\" \/><input type=\"hidden\" name=\"_wpcf7_posted_data_hash\" value=\"\" \/><input type=\"hidden\" name=\"_wpcf7_recaptcha_response\" value=\"\" \/>\n<\/fieldset>\n<p><label><span class=\"wpcf7-form-control-wrap\" data-name=\"email-142\"><input size=\"40\" maxlength=\"400\" class=\"wpcf7-form-control wpcf7-email wpcf7-validates-as-required wpcf7-text wpcf7-validates-as-email\" aria-required=\"true\" aria-invalid=\"false\" placeholder=\"O Seu E-mail*\" value=\"\" type=\"email\" name=\"email-142\" \/><\/span><\/label>\n<\/p>\n<p><input class=\"wpcf7-form-control wpcf7-submit has-spinner\" type=\"submit\" value=\"Enviar\" \/>\n<\/p><div class=\"wpcf7-response-output\" aria-hidden=\"true\"><\/div>\n<\/form>\n<\/div>\n\n<p>[\/et_pb_text][\/et_pb_column][\/et_pb_row][\/et_pb_section]<\/p>\n","protected":false},"excerpt":{"rendered":"<p>Subscreva a nossa newsletter \n<div class=\"wpcf7 no-js\" id=\"wpcf7-f215060-o2\" lang=\"pt-PT\" dir=\"ltr\" data-wpcf7-id=\"215060\">\n<div class=\"screen-reader-response\"><p role=\"status\" aria-live=\"polite\" aria-atomic=\"true\"><\/p> <ul><\/ul><\/div>\n<form action=\"\/en\/wp-json\/wp\/v2\/posts\/377405#wpcf7-f215060-o2\" method=\"post\" class=\"wpcf7-form init\" aria-label=\"Formul\u00e1rio de contacto\" novalidate=\"novalidate\" data-status=\"init\">\n<fieldset class=\"hidden-fields-container\"><input type=\"hidden\" name=\"_wpcf7\" value=\"215060\" \/><input type=\"hidden\" name=\"_wpcf7_version\" value=\"6.1.1\" \/><input type=\"hidden\" name=\"_wpcf7_locale\" value=\"pt_PT\" \/><input type=\"hidden\" name=\"_wpcf7_unit_tag\" value=\"wpcf7-f215060-o2\" \/><input type=\"hidden\" name=\"_wpcf7_container_post\" value=\"0\" \/><input type=\"hidden\" name=\"_wpcf7_posted_data_hash\" value=\"\" \/><input type=\"hidden\" name=\"_wpcf7_recaptcha_response\" value=\"\" \/>\n<\/fieldset>\n<p><label><span class=\"wpcf7-form-control-wrap\" data-name=\"email-142\"><input size=\"40\" maxlength=\"400\" class=\"wpcf7-form-control wpcf7-email wpcf7-validates-as-required wpcf7-text wpcf7-validates-as-email\" aria-required=\"true\" aria-invalid=\"false\" placeholder=\"O Seu E-mail*\" value=\"\" type=\"email\" name=\"email-142\" \/><\/span><\/label>\n<\/p>\n<p><input class=\"wpcf7-form-control wpcf7-submit has-spinner\" type=\"submit\" value=\"Enviar\" \/>\n<\/p><div class=\"wpcf7-response-output\" aria-hidden=\"true\"><\/div>\n<\/form>\n<\/div>\n<\/p>\n","protected":false},"author":1,"featured_media":0,"comment_status":"closed","ping_status":"closed","sticky":false,"template":"","format":"standard","meta":{"_et_pb_use_builder":"on","_et_pb_old_content":"<!-- wp:paragraph -->\r\n<h4><strong>Jurisprud\u00eancia Selecionada (Direito Individual) \u2013 Colet\u00e2nea de Jurisprud\u00eancia \u2013 #1<\/strong><\/h4>\r\n<p>Pedro Romano Martinez<br \/>Lu\u00eds Gon\u00e7alves da Silva<br \/>Cl\u00e1udia Madaleno<br \/>Sara Leit\u00e3o<\/p>\r\n<p>Ano: 2021<\/p>\r\n<p><em>O Instituto de Direito do Trabalho da Faculdade de Direito da Universidade de Lisboa (IDT), que tem contribu\u00eddo, de forma consistente, para o desenvolvimento e divulga\u00e7\u00e3o da ci\u00eancia do Direito do Trabalho e da Seguran\u00e7a Social, d\u00e1 agora mais um passo com a publica\u00e7\u00e3o da Jurisprud\u00eancia Seleccionada.<\/em><\/p>\r\n<p><em>Esta obra integra a nova linha de publica\u00e7\u00f5es do IDT, de acesso digital e gratuito, iniciada com a Revista Internacional de Direito do Trabalho , \u00e0 qual se seguiu a publica\u00e7\u00e3o, em ebook, de duas disserta\u00e7\u00f5es de mestrado: Do Local de Trabalho, de Pedro Madeira de Brito, e Portaria de Extens\u00e3o: Contributo para o seu Estudo, de Lu\u00eds Gon\u00e7alves da Silva.<\/em><\/p>\r\n<!-- \/wp:paragraph -->","_et_gb_content_width":"","footnotes":""},"categories":[24],"tags":[],"class_list":["post-377405","post","type-post","status-publish","format-standard","hentry","category-estudos-en"],"yoast_head":"<!-- This site is optimized with the Yoast SEO plugin v25.9 - https:\/\/yoast.com\/wordpress\/plugins\/seo\/ -->\n<title>M\u00c1RIO FROTAA relev\u00e2ncia conferida por Portugal aos direitos humanos na era digital (2024) - idconsumo.pt<\/title>\n<meta name=\"robots\" content=\"index, follow, max-snippet:-1, max-image-preview:large, max-video-preview:-1\" \/>\n<link rel=\"canonical\" href=\"https:\/\/idconsumo.pt\/en\/mario-frota-a-relevancia-conferida-por-portugal-aos-direitos-humanos-na-era-digital-2024\/\" \/>\n<meta property=\"og:locale\" content=\"en_US\" \/>\n<meta property=\"og:type\" content=\"article\" \/>\n<meta property=\"og:title\" content=\"M\u00c1RIO FROTAA relev\u00e2ncia conferida por Portugal aos direitos humanos na era digital (2024) - idconsumo.pt\" \/>\n<meta property=\"og:description\" content=\"Subscreva a nossa newsletter\" \/>\n<meta property=\"og:url\" content=\"https:\/\/idconsumo.pt\/en\/mario-frota-a-relevancia-conferida-por-portugal-aos-direitos-humanos-na-era-digital-2024\/\" \/>\n<meta property=\"og:site_name\" content=\"idconsumo.pt\" \/>\n<meta property=\"article:published_time\" content=\"2024-05-22T16:50:22+00:00\" \/>\n<meta property=\"article:modified_time\" content=\"2024-07-02T16:57:57+00:00\" \/>\n<meta name=\"author\" content=\"Suporte\" \/>\n<meta name=\"twitter:card\" content=\"summary_large_image\" \/>\n<meta name=\"twitter:label1\" content=\"Written by\" \/>\n\t<meta name=\"twitter:data1\" content=\"Suporte\" \/>\n\t<meta name=\"twitter:label2\" content=\"Est. reading time\" \/>\n\t<meta name=\"twitter:data2\" content=\"4 minutes\" \/>\n<script type=\"application\/ld+json\" class=\"yoast-schema-graph\">{\"@context\":\"https:\/\/schema.org\",\"@graph\":[{\"@type\":\"WebPage\",\"@id\":\"https:\/\/idconsumo.pt\/en\/mario-frota-a-relevancia-conferida-por-portugal-aos-direitos-humanos-na-era-digital-2024\/\",\"url\":\"https:\/\/idconsumo.pt\/en\/mario-frota-a-relevancia-conferida-por-portugal-aos-direitos-humanos-na-era-digital-2024\/\",\"name\":\"M\u00c1RIO FROTA A relev\u00e2ncia conferida por Portugal aos direitos humanos na era digital (2024) - idconsumo.pt\",\"isPartOf\":{\"@id\":\"https:\/\/idconsumo.pt\/#website\"},\"datePublished\":\"2024-05-22T16:50:22+00:00\",\"dateModified\":\"2024-07-02T16:57:57+00:00\",\"author\":{\"@id\":\"https:\/\/idconsumo.pt\/#\/schema\/person\/63f80fc0977120ff325405b9a506bcdf\"},\"breadcrumb\":{\"@id\":\"https:\/\/idconsumo.pt\/en\/mario-frota-a-relevancia-conferida-por-portugal-aos-direitos-humanos-na-era-digital-2024\/#breadcrumb\"},\"inLanguage\":\"en-US\",\"potentialAction\":[{\"@type\":\"ReadAction\",\"target\":[\"https:\/\/idconsumo.pt\/en\/mario-frota-a-relevancia-conferida-por-portugal-aos-direitos-humanos-na-era-digital-2024\/\"]}]},{\"@type\":\"BreadcrumbList\",\"@id\":\"https:\/\/idconsumo.pt\/en\/mario-frota-a-relevancia-conferida-por-portugal-aos-direitos-humanos-na-era-digital-2024\/#breadcrumb\",\"itemListElement\":[{\"@type\":\"ListItem\",\"position\":1,\"name\":\"In\u00edcio\",\"item\":\"https:\/\/idconsumo.pt\/\"},{\"@type\":\"ListItem\",\"position\":2,\"name\":\"M\u00c1RIO FROTAA relev\u00e2ncia conferida por Portugal aos direitos humanos na era digital (2024)\"}]},{\"@type\":\"WebSite\",\"@id\":\"https:\/\/idconsumo.pt\/#website\",\"url\":\"https:\/\/idconsumo.pt\/\",\"name\":\"idconsumo.pt\",\"description\":\"O IDC tem desenvolvido relevantes atividades de interesse geral no \u00e2mbito da investiga\u00e7\u00e3o, ensino e divulga\u00e7\u00e3o do Direito do Consumo.\",\"potentialAction\":[{\"@type\":\"SearchAction\",\"target\":{\"@type\":\"EntryPoint\",\"urlTemplate\":\"https:\/\/idconsumo.pt\/?s={search_term_string}\"},\"query-input\":{\"@type\":\"PropertyValueSpecification\",\"valueRequired\":true,\"valueName\":\"search_term_string\"}}],\"inLanguage\":\"en-US\"},{\"@type\":\"Person\",\"@id\":\"https:\/\/idconsumo.pt\/#\/schema\/person\/63f80fc0977120ff325405b9a506bcdf\",\"name\":\"Suporte\",\"image\":{\"@type\":\"ImageObject\",\"inLanguage\":\"en-US\",\"@id\":\"https:\/\/idconsumo.pt\/#\/schema\/person\/image\/\",\"url\":\"https:\/\/secure.gravatar.com\/avatar\/abf2f9792d63b98500ecda3cf0abd95611388099cf106a9250dfdebc2e118974?s=96&d=mm&r=g\",\"contentUrl\":\"https:\/\/secure.gravatar.com\/avatar\/abf2f9792d63b98500ecda3cf0abd95611388099cf106a9250dfdebc2e118974?s=96&d=mm&r=g\",\"caption\":\"Suporte\"},\"sameAs\":[\"https:\/\/idconsumo.pt\"],\"url\":\"https:\/\/idconsumo.pt\/en\/author\/suporte\/\"}]}<\/script>\n<!-- \/ Yoast SEO plugin. -->","yoast_head_json":{"title":"M\u00c1RIO FROTAA relev\u00e2ncia conferida por Portugal aos direitos humanos na era digital (2024) - idconsumo.pt","robots":{"index":"index","follow":"follow","max-snippet":"max-snippet:-1","max-image-preview":"max-image-preview:large","max-video-preview":"max-video-preview:-1"},"canonical":"https:\/\/idconsumo.pt\/en\/mario-frota-a-relevancia-conferida-por-portugal-aos-direitos-humanos-na-era-digital-2024\/","og_locale":"en_US","og_type":"article","og_title":"M\u00c1RIO FROTAA relev\u00e2ncia conferida por Portugal aos direitos humanos na era digital (2024) - idconsumo.pt","og_description":"Subscreva a nossa newsletter","og_url":"https:\/\/idconsumo.pt\/en\/mario-frota-a-relevancia-conferida-por-portugal-aos-direitos-humanos-na-era-digital-2024\/","og_site_name":"idconsumo.pt","article_published_time":"2024-05-22T16:50:22+00:00","article_modified_time":"2024-07-02T16:57:57+00:00","author":"Suporte","twitter_card":"summary_large_image","twitter_misc":{"Written by":"Suporte","Est. reading time":"4 minutes"},"schema":{"@context":"https:\/\/schema.org","@graph":[{"@type":"WebPage","@id":"https:\/\/idconsumo.pt\/en\/mario-frota-a-relevancia-conferida-por-portugal-aos-direitos-humanos-na-era-digital-2024\/","url":"https:\/\/idconsumo.pt\/en\/mario-frota-a-relevancia-conferida-por-portugal-aos-direitos-humanos-na-era-digital-2024\/","name":"M\u00c1RIO FROTA A relev\u00e2ncia conferida por Portugal aos direitos humanos na era digital (2024) - idconsumo.pt","isPartOf":{"@id":"https:\/\/idconsumo.pt\/#website"},"datePublished":"2024-05-22T16:50:22+00:00","dateModified":"2024-07-02T16:57:57+00:00","author":{"@id":"https:\/\/idconsumo.pt\/#\/schema\/person\/63f80fc0977120ff325405b9a506bcdf"},"breadcrumb":{"@id":"https:\/\/idconsumo.pt\/en\/mario-frota-a-relevancia-conferida-por-portugal-aos-direitos-humanos-na-era-digital-2024\/#breadcrumb"},"inLanguage":"en-US","potentialAction":[{"@type":"ReadAction","target":["https:\/\/idconsumo.pt\/en\/mario-frota-a-relevancia-conferida-por-portugal-aos-direitos-humanos-na-era-digital-2024\/"]}]},{"@type":"BreadcrumbList","@id":"https:\/\/idconsumo.pt\/en\/mario-frota-a-relevancia-conferida-por-portugal-aos-direitos-humanos-na-era-digital-2024\/#breadcrumb","itemListElement":[{"@type":"ListItem","position":1,"name":"In\u00edcio","item":"https:\/\/idconsumo.pt\/"},{"@type":"ListItem","position":2,"name":"M\u00c1RIO FROTAA relev\u00e2ncia conferida por Portugal aos direitos humanos na era digital (2024)"}]},{"@type":"WebSite","@id":"https:\/\/idconsumo.pt\/#website","url":"https:\/\/idconsumo.pt\/","name":"idconsumo.pt","description":"O IDC tem desenvolvido relevantes atividades de interesse geral no \u00e2mbito da investiga\u00e7\u00e3o, ensino e divulga\u00e7\u00e3o do Direito do Consumo.","potentialAction":[{"@type":"SearchAction","target":{"@type":"EntryPoint","urlTemplate":"https:\/\/idconsumo.pt\/?s={search_term_string}"},"query-input":{"@type":"PropertyValueSpecification","valueRequired":true,"valueName":"search_term_string"}}],"inLanguage":"en-US"},{"@type":"Person","@id":"https:\/\/idconsumo.pt\/#\/schema\/person\/63f80fc0977120ff325405b9a506bcdf","name":"Suporte","image":{"@type":"ImageObject","inLanguage":"en-US","@id":"https:\/\/idconsumo.pt\/#\/schema\/person\/image\/","url":"https:\/\/secure.gravatar.com\/avatar\/abf2f9792d63b98500ecda3cf0abd95611388099cf106a9250dfdebc2e118974?s=96&d=mm&r=g","contentUrl":"https:\/\/secure.gravatar.com\/avatar\/abf2f9792d63b98500ecda3cf0abd95611388099cf106a9250dfdebc2e118974?s=96&d=mm&r=g","caption":"Suporte"},"sameAs":["https:\/\/idconsumo.pt"],"url":"https:\/\/idconsumo.pt\/en\/author\/suporte\/"}]}},"_links":{"self":[{"href":"https:\/\/idconsumo.pt\/en\/wp-json\/wp\/v2\/posts\/377405","targetHints":{"allow":["GET"]}}],"collection":[{"href":"https:\/\/idconsumo.pt\/en\/wp-json\/wp\/v2\/posts"}],"about":[{"href":"https:\/\/idconsumo.pt\/en\/wp-json\/wp\/v2\/types\/post"}],"author":[{"embeddable":true,"href":"https:\/\/idconsumo.pt\/en\/wp-json\/wp\/v2\/users\/1"}],"replies":[{"embeddable":true,"href":"https:\/\/idconsumo.pt\/en\/wp-json\/wp\/v2\/comments?post=377405"}],"version-history":[{"count":1,"href":"https:\/\/idconsumo.pt\/en\/wp-json\/wp\/v2\/posts\/377405\/revisions"}],"predecessor-version":[{"id":377406,"href":"https:\/\/idconsumo.pt\/en\/wp-json\/wp\/v2\/posts\/377405\/revisions\/377406"}],"wp:attachment":[{"href":"https:\/\/idconsumo.pt\/en\/wp-json\/wp\/v2\/media?parent=377405"}],"wp:term":[{"taxonomy":"category","embeddable":true,"href":"https:\/\/idconsumo.pt\/en\/wp-json\/wp\/v2\/categories?post=377405"},{"taxonomy":"post_tag","embeddable":true,"href":"https:\/\/idconsumo.pt\/en\/wp-json\/wp\/v2\/tags?post=377405"}],"curies":[{"name":"wp","href":"https:\/\/api.w.org\/{rel}","templated":true}]}}